{"id":14489,"date":"2015-07-01T02:32:38","date_gmt":"2015-07-01T01:32:38","guid":{"rendered":"http:\/\/2horizontes.com\/?p=14489"},"modified":"2015-07-01T02:32:38","modified_gmt":"2015-07-01T01:32:38","slug":"para-el-vaticano-el-papa-es-libre-de-masticar-hojas-de-coca-en-bolivia","status":"publish","type":"post","link":"https:\/\/2horizontes.com\/?p=14489","title":{"rendered":"Para el Vaticano el papa es libre de masticar hojas de coca en Bolivia"},"content":{"rendered":"<p>BOLIVIA-El portavoz del Vaticano, padre Federico Lombardi, asegur\u00f3 este martes que el papa Francisco \u00abes libre\u00bb de masticar hojas de coca para combatir la altura durante su viaje en Bolivia, tal como anunciado por el ministro de Cultura del pa\u00eds andino.<\/p>\n<p>\u00abEl Papa actuar\u00e1 como crea oportuno. Me resulta que se trata de una costumbre popular para la altura. No me ha confirmado ni negado si se adecuar\u00e1 a ese uso tan popular y eficaz\u00bb, declar\u00f3 Lombardi en un encuentro con la prensa para ilustrar el viaje papal a Ecuador, Bolivia y Paraguay del 5 al 13 de julio.<\/p>\n<p>\u00abEs como el mate argentino, el cual suele aceptar si se lo ofrecen a\u00fan en la plaza de San Pedro. Es una costumbre local, como un agua arom\u00e1tica. Ustedes saben que el papa ama compartir las costumbres locales\u00bb, agreg\u00f3 Lombardi.<\/p>\n<p>Seg\u00fan el ministro de Cultura boliviano, Marko Machicao, el papa pidi\u00f3 \u00abespec\u00edficamente\u00bb mascar coca para combatir los efectos de la altura, cuando aterrizar\u00e1 el 8 de julio en el aeropuerto de El Alto, a m\u00e1s de 4.000 metros de altitud.<\/p>\n<p>Lombardi record\u00f3 que Francisco visit\u00f3 esos pa\u00edses cuando era arzobispo de Buenos Aires y que se reuni\u00f3 en octubre del 2014 en el Vaticano con el presidente Evo Morales, el primer presidente ind\u00edgena de Bolivia y l\u00edder del movimiento sindical \u00abcocalero\u00bb boliviano, que se opuso en la d\u00e9cada del 80 y 90 a la erradicaci\u00f3n de la hoja coca, por considerar su uso como parte de la tradici\u00f3n.<\/p>\n<p>Morales impulsa una campa\u00f1a internacional a favor de la milenaria planta consumida ancestralmente en Bolivia en mascado, infusi\u00f3n y rituales religiosos.<\/p>\n<p>fuente:AFP<\/p>\n","protected":false},"excerpt":{"rendered":"<p>BOLIVIA-El portavoz del Vaticano, padre Federico Lombardi, asegur\u00f3 este martes que el papa Francisco \u00abes libre\u00bb de masticar hojas de coca para combatir la altura durante su viaje en Bolivia, tal como anunciado por el ministro de Cultura del pa\u00eds andino. \u00abEl Papa actuar\u00e1 como crea oportuno. Me resulta que se trata de una costumbre [&hellip;]<\/p>\n","protected":false},"author":8,"featured_media":14490,"comment_status":"open","ping_status":"open","sticky":false,"template":"","format":"standard","meta":{"footnotes":""},"categories":[40],"tags":[],"class_list":["post-14489","post","type-post","status-publish","format-standard","has-post-thumbnail","hentry","category-internacionales"],"_links":{"self":[{"href":"https:\/\/2horizontes.com\/index.php?rest_route=\/wp\/v2\/posts\/14489","targetHints":{"allow":["GET"]}}],"collection":[{"href":"https:\/\/2horizontes.com\/index.php?rest_route=\/wp\/v2\/posts"}],"about":[{"href":"https:\/\/2horizontes.com\/index.php?rest_route=\/wp\/v2\/types\/post"}],"author":[{"embeddable":true,"href":"https:\/\/2horizontes.com\/index.php?rest_route=\/wp\/v2\/users\/8"}],"replies":[{"embeddable":true,"href":"https:\/\/2horizontes.com\/index.php?rest_route=%2Fwp%2Fv2%2Fcomments&post=14489"}],"version-history":[{"count":1,"href":"https:\/\/2horizontes.com\/index.php?rest_route=\/wp\/v2\/posts\/14489\/revisions"}],"predecessor-version":[{"id":14491,"href":"https:\/\/2horizontes.com\/index.php?rest_route=\/wp\/v2\/posts\/14489\/revisions\/14491"}],"wp:featuredmedia":[{"embeddable":true,"href":"https:\/\/2horizontes.com\/index.php?rest_route=\/wp\/v2\/media\/14490"}],"wp:attachment":[{"href":"https:\/\/2horizontes.com\/index.php?rest_route=%2Fwp%2Fv2%2Fmedia&parent=14489"}],"wp:term":[{"taxonomy":"category","embeddable":true,"href":"https:\/\/2horizontes.com\/index.php?rest_route=%2Fwp%2Fv2%2Fcategories&post=14489"},{"taxonomy":"post_tag","embeddable":true,"href":"https:\/\/2horizontes.com\/index.php?rest_route=%2Fwp%2Fv2%2Ftags&post=14489"}],"curies":[{"name":"wp","href":"https:\/\/api.w.org\/{rel}","templated":true}]}}