{"id":14453,"date":"2015-06-30T16:23:42","date_gmt":"2015-06-30T15:23:42","guid":{"rendered":"http:\/\/2horizontes.com\/?p=14453"},"modified":"2015-06-30T16:24:46","modified_gmt":"2015-06-30T15:24:46","slug":"avril-lavigne-rompio-en-llanto-al-hablar-sobre-la-enfermedad-que-padece","status":"publish","type":"post","link":"https:\/\/2horizontes.com\/?p=14453","title":{"rendered":"AVRIL LAVIGNE ROMPI\u00d3 EN LLANTO AL HABLAR SOBRE LA ENFERMEDAD QUE PADECE"},"content":{"rendered":"<p>La cantante rompi\u00f3 en llanto durante el programa \u2018Good Morning America\u2019, al hablar de su terrible enfermedad que fue diagnosticada en el 2013.<\/p>\n<p>Avril Lavigne fue diagnosticada con el mal del Lyme en el 2013, la cual la dej\u00f3 por meses tirada en la cama, y es que la enfermedad se desarrolla por una bacteria, la cual causa dolores musculares, debilidades y dificultades en el movimiento de las articulaciones.<\/p>\n<p>La cantante habl\u00f3 por primera vez de su mal y c\u00f3mo lo ha sobrellevado y asegur\u00f3: \u201cHe vuelto a nacer, llev\u00f3 la mitad del tratamiento y lo estoy haciendo muy bien\u201d.<\/p>\n<p>Adem\u00e1s asegur\u00f3 estar muy agradecida con sus fans porque a pesar de haber estado ausente, durante mucho tiempo, y metida 5 meses en la cama, sin que los doctores pudieran darle un diagn\u00f3stico favorable, su p\u00fablico nunca la abandon\u00f3, y llorando dijo: \u201cMe sentaba en la cama y ve\u00eda los v\u00eddeos que ellos me hac\u00edan, y hac\u00eda exactamente lo que hago ahora. No pod\u00eda dejar de llorar\u201d.<\/p>\n<p>La cantante espera ayudar a m\u00e1s personas con este mal, y volver\u00e1 a los escenarios el 25 de julio durante la apertura de los Special Olympics World Games, que ser\u00e1 celebrado en Los \u00c1ngeles.<\/p>\n<p>televisa entretenimiento<\/p>\n","protected":false},"excerpt":{"rendered":"<p>La cantante rompi\u00f3 en llanto durante el programa \u2018Good Morning America\u2019, al hablar de su terrible enfermedad que fue diagnosticada en el 2013. Avril Lavigne fue diagnosticada con el mal del Lyme en el 2013, la cual la dej\u00f3 por meses tirada en la cama, y es que la enfermedad se desarrolla por una bacteria, [&hellip;]<\/p>\n","protected":false},"author":3,"featured_media":14454,"comment_status":"open","ping_status":"open","sticky":false,"template":"","format":"standard","meta":{"footnotes":""},"categories":[1],"tags":[],"class_list":["post-14453","post","type-post","status-publish","format-standard","has-post-thumbnail","hentry","category-entretenimiento"],"_links":{"self":[{"href":"https:\/\/2horizontes.com\/index.php?rest_route=\/wp\/v2\/posts\/14453","targetHints":{"allow":["GET"]}}],"collection":[{"href":"https:\/\/2horizontes.com\/index.php?rest_route=\/wp\/v2\/posts"}],"about":[{"href":"https:\/\/2horizontes.com\/index.php?rest_route=\/wp\/v2\/types\/post"}],"author":[{"embeddable":true,"href":"https:\/\/2horizontes.com\/index.php?rest_route=\/wp\/v2\/users\/3"}],"replies":[{"embeddable":true,"href":"https:\/\/2horizontes.com\/index.php?rest_route=%2Fwp%2Fv2%2Fcomments&post=14453"}],"version-history":[{"count":2,"href":"https:\/\/2horizontes.com\/index.php?rest_route=\/wp\/v2\/posts\/14453\/revisions"}],"predecessor-version":[{"id":14456,"href":"https:\/\/2horizontes.com\/index.php?rest_route=\/wp\/v2\/posts\/14453\/revisions\/14456"}],"wp:featuredmedia":[{"embeddable":true,"href":"https:\/\/2horizontes.com\/index.php?rest_route=\/wp\/v2\/media\/14454"}],"wp:attachment":[{"href":"https:\/\/2horizontes.com\/index.php?rest_route=%2Fwp%2Fv2%2Fmedia&parent=14453"}],"wp:term":[{"taxonomy":"category","embeddable":true,"href":"https:\/\/2horizontes.com\/index.php?rest_route=%2Fwp%2Fv2%2Fcategories&post=14453"},{"taxonomy":"post_tag","embeddable":true,"href":"https:\/\/2horizontes.com\/index.php?rest_route=%2Fwp%2Fv2%2Ftags&post=14453"}],"curies":[{"name":"wp","href":"https:\/\/api.w.org\/{rel}","templated":true}]}}