{"id":14364,"date":"2015-06-30T12:35:01","date_gmt":"2015-06-30T11:35:01","guid":{"rendered":"http:\/\/2horizontes.com\/?p=14364"},"modified":"2015-06-30T12:35:01","modified_gmt":"2015-06-30T11:35:01","slug":"juan-carlos-i-traslada-al-gobierno-su-disposicion-a-viajar-a-cuba","status":"publish","type":"post","link":"https:\/\/2horizontes.com\/?p=14364","title":{"rendered":"Juan Carlos I traslada al Gobierno su disposici\u00f3n a viajar a Cuba"},"content":{"rendered":"<p>Espa\u00f1a<\/p>\n<p>Cuba es una espinita clavada en el coraz\u00f3n del rey Juan Carlos. La \u00faltima colonia espa\u00f1ola de Am\u00e9rica (con Puerto Rico) es el \u00fanico pa\u00eds latinoamericano que no pudo visitar oficialmente en sus 39 a\u00f1os de reinado. Solo pis\u00f3 La Habana una vez: en 1999, con motivo de la Cumbre Iberoamericana. Pero no es lo mismo. Aznar no le dej\u00f3 volver y con Zapatero ni se lleg\u00f3 a plantear.<\/p>\n<p>Pero Juan Carlos I nunca ha renunciado a visitar la que fue joya de la corona espa\u00f1ola. Y ahora que ya no ostenta la Jefatura del Estado parecer\u00eda menos complicado hacerlo.<\/p>\n<p>Algunos empresarios con inversiones en la isla, sobre todo hoteleras, le han invitado a que haga una visita privada. Y don Juan Carlos ha trasladado su inter\u00e9s al Gobierno. Eso s\u00ed, ha dejado claro que no ir\u00e1 sin el visto bueno del Ejecutivo y de su propio hijo. Fuentes gubernamentales aseguran que, por ahora, tendr\u00e1 que seguir esperando.<\/p>\n<p>Los empresarios espa\u00f1oles afincados en Cuba temen perder posiciones ahora que el r\u00e9gimen castrista ha iniciado una apertura tan t\u00edmida como irreversible. Las reformas econ\u00f3micas y el deshielo con EE UU han desatado una carrera por ocupar la <em>pole position<\/em>ante la nueva etapa. En mayo pasado, el franc\u00e9s Fran\u00e7ois Hollande se convirti\u00f3 en el primer jefe de Estado europeo en visitar la isla y para septiembre se espera al papa Francisco.<\/p>\n<p>Espa\u00f1a, hasta ahora, solo ha enviado a su ministro de Exteriores,Jos\u00e9 Manuel Garc\u00eda-Margallo, cuya visita a la isla, en noviembre pasado, se vio empa\u00f1ada por el plant\u00f3n de Ra\u00fal Castro. Entre el 6 y el 8 de julio viajar\u00e1 a la isla el ministro de Econom\u00eda, Luis de Guindos (probablemente con el titular de Industria, Jos\u00e9 Manuel Soria) al frente de una amplia delegaci\u00f3n empresarial. El inter\u00e9s que han mostrado los empresarios por participar en este viaje demuestra hasta qu\u00e9 punto, pese a las penurias econ\u00f3micas y las trabas burocr\u00e1ticas, la expectaci\u00f3n generada por los cambios en Cuba es enorme. Y eso que en abril pasado otra delegaci\u00f3n empresarial ya estuvo en la isla para tomarle el pulso a las reformas.<\/p>\n<p>Pasar\u00e1 mucho tiempo antes de que Felipe VI pueda visitar Cuba. Primero tendr\u00eda que hacerlo el presidente del Gobierno y ese destino no figura en los planes de Rajoy. Por eso, una visita privada del rey Juan Carlos podr\u00eda ser un buen atajo.<\/p>\n<p>Fuentes gubernamentales advierten, no obstante, de que \u201cesa visita nunca ser\u00eda realmente privada. El gesto m\u00e1s nimio tendr\u00eda dobles o triples lecturas y los cubanos son maestros en sacar provecho de cualquier situaci\u00f3n\u201d.<\/p>\n<p>F. El Pa\u00eds.<\/p>\n","protected":false},"excerpt":{"rendered":"<p>Espa\u00f1a Cuba es una espinita clavada en el coraz\u00f3n del rey Juan Carlos. La \u00faltima colonia espa\u00f1ola de Am\u00e9rica (con Puerto Rico) es el \u00fanico pa\u00eds latinoamericano que no pudo visitar oficialmente en sus 39 a\u00f1os de reinado. Solo pis\u00f3 La Habana una vez: en 1999, con motivo de la Cumbre Iberoamericana. Pero no es [&hellip;]<\/p>\n","protected":false},"author":7,"featured_media":14369,"comment_status":"open","ping_status":"open","sticky":false,"template":"","format":"standard","meta":{"footnotes":""},"categories":[49,40,43],"tags":[],"class_list":["post-14364","post","type-post","status-publish","format-standard","has-post-thumbnail","hentry","category-cuba","category-internacionales","category-politica"],"_links":{"self":[{"href":"https:\/\/2horizontes.com\/index.php?rest_route=\/wp\/v2\/posts\/14364","targetHints":{"allow":["GET"]}}],"collection":[{"href":"https:\/\/2horizontes.com\/index.php?rest_route=\/wp\/v2\/posts"}],"about":[{"href":"https:\/\/2horizontes.com\/index.php?rest_route=\/wp\/v2\/types\/post"}],"author":[{"embeddable":true,"href":"https:\/\/2horizontes.com\/index.php?rest_route=\/wp\/v2\/users\/7"}],"replies":[{"embeddable":true,"href":"https:\/\/2horizontes.com\/index.php?rest_route=%2Fwp%2Fv2%2Fcomments&post=14364"}],"version-history":[{"count":1,"href":"https:\/\/2horizontes.com\/index.php?rest_route=\/wp\/v2\/posts\/14364\/revisions"}],"predecessor-version":[{"id":14370,"href":"https:\/\/2horizontes.com\/index.php?rest_route=\/wp\/v2\/posts\/14364\/revisions\/14370"}],"wp:featuredmedia":[{"embeddable":true,"href":"https:\/\/2horizontes.com\/index.php?rest_route=\/wp\/v2\/media\/14369"}],"wp:attachment":[{"href":"https:\/\/2horizontes.com\/index.php?rest_route=%2Fwp%2Fv2%2Fmedia&parent=14364"}],"wp:term":[{"taxonomy":"category","embeddable":true,"href":"https:\/\/2horizontes.com\/index.php?rest_route=%2Fwp%2Fv2%2Fcategories&post=14364"},{"taxonomy":"post_tag","embeddable":true,"href":"https:\/\/2horizontes.com\/index.php?rest_route=%2Fwp%2Fv2%2Ftags&post=14364"}],"curies":[{"name":"wp","href":"https:\/\/api.w.org\/{rel}","templated":true}]}}