{"id":1433,"date":"2014-06-17T15:01:39","date_gmt":"2014-06-17T15:01:39","guid":{"rendered":"http:\/\/2horizontes.com\/?p=1433"},"modified":"2014-06-17T15:01:39","modified_gmt":"2014-06-17T15:01:39","slug":"en-republica-dominicana-mujeres-piden-al-congreso-castigo-para-los-femenicidas","status":"publish","type":"post","link":"https:\/\/2horizontes.com\/?p=1433","title":{"rendered":"En Rep\u00fablica Dominicana Mujeres piden al Congreso castigo para los femenicidas"},"content":{"rendered":"<p>&nbsp;<\/p>\n<div id=\"ArticleBody\" style=\"margin-top: 10px;\">\n<p>Santo Domingo.- El Foro Feminista solici<img loading=\"lazy\" decoding=\"async\" class=\"alignleft size-medium wp-image-1434\" src=\"http:\/\/2horizontes.com\/wp-content\/uploads\/2014\/06\/femenicidio1-300x300.jpeg\" alt=\"femenicidio\" width=\"300\" height=\"300\" srcset=\"https:\/\/2horizontes.com\/wp-content\/uploads\/2014\/06\/femenicidio1-300x300.jpeg 300w, https:\/\/2horizontes.com\/wp-content\/uploads\/2014\/06\/femenicidio1.jpeg 460w\" sizes=\"auto, (max-width: 300px) 100vw, 300px\" \/>t\u00f3 hoy al Congreso Nacional deso\u00edr el pedido para impedir la despenalizar el\u00a0 aborto terap\u00e9utico y la tipificaci\u00f3n del femenicidio en el nuevo C\u00f3digo Penal, que se encuentra en discusi\u00f3n en las c\u00e1maras legislativas.<\/p>\n<p>El foro, que agrupa a distintas entidades que luchan a favor de los derechos de las mujeres, inici\u00f3 a las 7:30 de la ma\u00f1ana frente al Congreso, la actividad \u201cTemprano contra los feminicidios\u201d.<\/p>\n<p>La entidad se\u00f1ala a la Iglesia Cat\u00f3lica dominicana, como la entidad que estar\u00eda presionando al Congreso\u00a0 Nacional para que tome esa decisi\u00f3n.<\/p>\n<p>Las mujeres se presentaron con pancartas y consignas frente al Congreso, y entregaron en documento donde denuncian supuesta injerencia de la Iglesia cat\u00f3lica en la discusi\u00f3n de la reforma del C\u00f3digo Penal, con el inter\u00e9s de que no sea tipificado el feminicidio y no se adopte el principio o estado de necesidad para interrumpir el embarazo por razones m\u00e9dicas.<\/p>\n<p>En tal sentido piden la eliminaci\u00f3n del p\u00e1rrafo del art\u00edculo 90, que permitir\u00eda la interrupci\u00f3n del embarazo cuando sea practicado por personal m\u00e9dico especializado, en establecimientos de salud p\u00fablicos o privados, siempre que el mismo se produzca como consecuencia de un estado de necesidad, es decir, cuando el embarazo represente un peligro actual o inminente para la vida de la mujer.<\/p>\n<p>&nbsp;<\/p>\n<p><b>Feminicidios<\/b><br \/>\nLa entidad se\u00f1ala que en el pa\u00eds pierden la vida m\u00e1s de 150 mujeres en promedio cada a\u00f1o, como resultado de la violencia machita.<\/p>\n<p>En ese sentido considera que viabilizar y sancionar el feminicidio en el c\u00f3digo transmite un mensaje de intolerancia social a un hecho que adem\u00e1s reviste de dimensiones alarmante en nuestra sociedad.<\/p>\n<p>Explica que Rep\u00fablica Dominicana es uno de los pa\u00edses de la regi\u00f3n que presente las m\u00e1s altas todas de feminicidios, al llegar a 1.27 por cada 100 mil habitantes, seg\u00fan\u00a0 el \u00faltimo informe de la CEPAL.<\/p>\n<p><strong>Fuente: List\u00edn Diario \/ Ram\u00f3n P\u00e9rez Reyes.<\/strong><\/p>\n<\/div>\n","protected":false},"excerpt":{"rendered":"<p>&nbsp; Santo Domingo.- El Foro Feminista solicit\u00f3 hoy al Congreso Nacional deso\u00edr el pedido para impedir la despenalizar el\u00a0 aborto terap\u00e9utico y la tipificaci\u00f3n del femenicidio en el nuevo C\u00f3digo Penal, que se encuentra en discusi\u00f3n en las c\u00e1maras legislativas. El foro, que agrupa a distintas entidades que luchan a favor de los derechos de [&hellip;]<\/p>\n","protected":false},"author":1,"featured_media":0,"comment_status":"open","ping_status":"open","sticky":false,"template":"","format":"standard","meta":{"footnotes":""},"categories":[1],"tags":[],"class_list":["post-1433","post","type-post","status-publish","format-standard","hentry","category-entretenimiento"],"_links":{"self":[{"href":"https:\/\/2horizontes.com\/index.php?rest_route=\/wp\/v2\/posts\/1433","targetHints":{"allow":["GET"]}}],"collection":[{"href":"https:\/\/2horizontes.com\/index.php?rest_route=\/wp\/v2\/posts"}],"about":[{"href":"https:\/\/2horizontes.com\/index.php?rest_route=\/wp\/v2\/types\/post"}],"author":[{"embeddable":true,"href":"https:\/\/2horizontes.com\/index.php?rest_route=\/wp\/v2\/users\/1"}],"replies":[{"embeddable":true,"href":"https:\/\/2horizontes.com\/index.php?rest_route=%2Fwp%2Fv2%2Fcomments&post=1433"}],"version-history":[{"count":1,"href":"https:\/\/2horizontes.com\/index.php?rest_route=\/wp\/v2\/posts\/1433\/revisions"}],"predecessor-version":[{"id":1435,"href":"https:\/\/2horizontes.com\/index.php?rest_route=\/wp\/v2\/posts\/1433\/revisions\/1435"}],"wp:attachment":[{"href":"https:\/\/2horizontes.com\/index.php?rest_route=%2Fwp%2Fv2%2Fmedia&parent=1433"}],"wp:term":[{"taxonomy":"category","embeddable":true,"href":"https:\/\/2horizontes.com\/index.php?rest_route=%2Fwp%2Fv2%2Fcategories&post=1433"},{"taxonomy":"post_tag","embeddable":true,"href":"https:\/\/2horizontes.com\/index.php?rest_route=%2Fwp%2Fv2%2Ftags&post=1433"}],"curies":[{"name":"wp","href":"https:\/\/api.w.org\/{rel}","templated":true}]}}