{"id":14314,"date":"2015-06-30T03:25:29","date_gmt":"2015-06-30T02:25:29","guid":{"rendered":"http:\/\/2horizontes.com\/?p=14314"},"modified":"2015-06-30T03:30:27","modified_gmt":"2015-06-30T02:30:27","slug":"pld-pierde-elecciones-asociacion-abogados-de-santiago-rd","status":"publish","type":"post","link":"https:\/\/2horizontes.com\/?p=14314","title":{"rendered":"PLD pierde elecciones Asociaci\u00f3n Abogados de Santiago RD"},"content":{"rendered":"<p>RD &#8211; SANTIAGO.- El Partido de la Liberaci\u00f3n Dominicana (PLD) fue derrotado en las elecciones del s\u00e1bado de la Asociaci\u00f3n de Abogados de Santiago (AAS) por Jos\u00e9 Dolores Jim\u00e9nez Batista, de laplancha n\u00famero uno.<\/p>\n<p>Jim\u00e9nez Batista obtuvo 412 votos frente a 378 del candidato oficialista, Blas Santana.<\/p>\n<p>Otros integrantes de la nueva directiva de la AAS son Domingo Guzm\u00e1n, vicepresidente; Magdalena Sosa, secretaria general; Manuel Rodr\u00edguez, Tesorero, y cinco vocales.<\/p>\n<p>Al ser proclamado ganador, Jim\u00e9nez Batista record\u00f3 que en su programa de trabajo enarbol\u00f3 poner en marcha la Escuela de Formaci\u00f3n Jur\u00eddica, para una mejor capacitaci\u00f3n de sus integrantes.<\/p>\n<p>Destac\u00f3 que desarrollar\u00e1n un proceso de organizaci\u00f3n y actualizaci\u00f3n de los miembros de la asociaci\u00f3n, para tener un mayor contacto con cada uno de ellos.<\/p>\n<p>Agreg\u00f3 que la directiva contempla dar apertura a los acuerdos con instituciones internacionales, para llevar a cabo intercambios formativos y culturales.<\/p>\n","protected":false},"excerpt":{"rendered":"<p>RD &#8211; SANTIAGO.- El Partido de la Liberaci\u00f3n Dominicana (PLD) fue derrotado en las elecciones del s\u00e1bado de la Asociaci\u00f3n de Abogados de Santiago (AAS) por Jos\u00e9 Dolores Jim\u00e9nez Batista, de laplancha n\u00famero uno. Jim\u00e9nez Batista obtuvo 412 votos frente a 378 del candidato oficialista, Blas Santana. Otros integrantes de la nueva directiva de la [&hellip;]<\/p>\n","protected":false},"author":8,"featured_media":14315,"comment_status":"open","ping_status":"open","sticky":false,"template":"","format":"standard","meta":{"footnotes":""},"categories":[43,53],"tags":[],"class_list":["post-14314","post","type-post","status-publish","format-standard","has-post-thumbnail","hentry","category-politica","category-provincias"],"_links":{"self":[{"href":"https:\/\/2horizontes.com\/index.php?rest_route=\/wp\/v2\/posts\/14314","targetHints":{"allow":["GET"]}}],"collection":[{"href":"https:\/\/2horizontes.com\/index.php?rest_route=\/wp\/v2\/posts"}],"about":[{"href":"https:\/\/2horizontes.com\/index.php?rest_route=\/wp\/v2\/types\/post"}],"author":[{"embeddable":true,"href":"https:\/\/2horizontes.com\/index.php?rest_route=\/wp\/v2\/users\/8"}],"replies":[{"embeddable":true,"href":"https:\/\/2horizontes.com\/index.php?rest_route=%2Fwp%2Fv2%2Fcomments&post=14314"}],"version-history":[{"count":1,"href":"https:\/\/2horizontes.com\/index.php?rest_route=\/wp\/v2\/posts\/14314\/revisions"}],"predecessor-version":[{"id":14316,"href":"https:\/\/2horizontes.com\/index.php?rest_route=\/wp\/v2\/posts\/14314\/revisions\/14316"}],"wp:featuredmedia":[{"embeddable":true,"href":"https:\/\/2horizontes.com\/index.php?rest_route=\/wp\/v2\/media\/14315"}],"wp:attachment":[{"href":"https:\/\/2horizontes.com\/index.php?rest_route=%2Fwp%2Fv2%2Fmedia&parent=14314"}],"wp:term":[{"taxonomy":"category","embeddable":true,"href":"https:\/\/2horizontes.com\/index.php?rest_route=%2Fwp%2Fv2%2Fcategories&post=14314"},{"taxonomy":"post_tag","embeddable":true,"href":"https:\/\/2horizontes.com\/index.php?rest_route=%2Fwp%2Fv2%2Ftags&post=14314"}],"curies":[{"name":"wp","href":"https:\/\/api.w.org\/{rel}","templated":true}]}}