{"id":14311,"date":"2015-06-30T03:18:51","date_gmt":"2015-06-30T02:18:51","guid":{"rendered":"http:\/\/2horizontes.com\/?p=14311"},"modified":"2015-06-30T15:08:44","modified_gmt":"2015-06-30T14:08:44","slug":"matan-a-tiros-raso-de-la-policia-en-capotillo-rd","status":"publish","type":"post","link":"https:\/\/2horizontes.com\/?p=14311","title":{"rendered":"Matan a tiros raso de la Polic\u00eda en Capotillo RD"},"content":{"rendered":"<p>RD -SANTO DOMINGO- La Polic\u00eda Nacional inform\u00f3 este lunes que un raso de la instituci\u00f3n fue ultimado por herida de bala por dos desconocidos en el Callej\u00f3n 26 del sector Capotillo, del Distrito Nacional.<\/p>\n<p>La instituci\u00f3n dijo que el alistado Luisito Shegui Guerrero, de 26 a\u00f1os, muri\u00f3 a consecuencia de herida de arma de fuego en regi\u00f3n med\u00eda derecha y pierna derecha, ocasionadas por desconocidos que emprendieron la huida.<\/p>\n<p>Los compa\u00f1eros de patrulla del hoy occiso narraron que alrededor de la 1:50 de la madrugada del domingo se encontraban de servicio en la referida zona y escucharon la detonaci\u00f3n de varios disparos y observaron el lanzamiento de piedras y botellas.<\/p>\n<p>Agregaron que ante esa situaci\u00f3n se dirigieron al Callej\u00f3n 26 del sector antes indicado, pero al llegar a la vivienda n\u00famero 41 hicieron contacto con dos personas, quienes sin mediar palabras la emprendieron a tiros en su contra, ocasion\u00e1ndole las heridas mortales al raso Shegui Guerrero.<\/p>\n<p>En el lugar del hecho fueron recolectados tres casquillos calibre 9mm, un proyectil mutilado y una chaqueta de proyectil, los cuales se encuentran en poder de la Polic\u00eda Cient\u00edfica.<\/p>\n<p>FUENTE :EL CARIBE<\/p>\n","protected":false},"excerpt":{"rendered":"<p>RD -SANTO DOMINGO- La Polic\u00eda Nacional inform\u00f3 este lunes que un raso de la instituci\u00f3n fue ultimado por herida de bala por dos desconocidos en el Callej\u00f3n 26 del sector Capotillo, del Distrito Nacional. La instituci\u00f3n dijo que el alistado Luisito Shegui Guerrero, de 26 a\u00f1os, muri\u00f3 a consecuencia de herida de arma de fuego [&hellip;]<\/p>\n","protected":false},"author":8,"featured_media":14414,"comment_status":"open","ping_status":"open","sticky":false,"template":"","format":"standard","meta":{"footnotes":""},"categories":[44],"tags":[],"class_list":["post-14311","post","type-post","status-publish","format-standard","has-post-thumbnail","hentry","category-republica-dominicana"],"_links":{"self":[{"href":"https:\/\/2horizontes.com\/index.php?rest_route=\/wp\/v2\/posts\/14311","targetHints":{"allow":["GET"]}}],"collection":[{"href":"https:\/\/2horizontes.com\/index.php?rest_route=\/wp\/v2\/posts"}],"about":[{"href":"https:\/\/2horizontes.com\/index.php?rest_route=\/wp\/v2\/types\/post"}],"author":[{"embeddable":true,"href":"https:\/\/2horizontes.com\/index.php?rest_route=\/wp\/v2\/users\/8"}],"replies":[{"embeddable":true,"href":"https:\/\/2horizontes.com\/index.php?rest_route=%2Fwp%2Fv2%2Fcomments&post=14311"}],"version-history":[{"count":1,"href":"https:\/\/2horizontes.com\/index.php?rest_route=\/wp\/v2\/posts\/14311\/revisions"}],"predecessor-version":[{"id":14313,"href":"https:\/\/2horizontes.com\/index.php?rest_route=\/wp\/v2\/posts\/14311\/revisions\/14313"}],"wp:featuredmedia":[{"embeddable":true,"href":"https:\/\/2horizontes.com\/index.php?rest_route=\/wp\/v2\/media\/14414"}],"wp:attachment":[{"href":"https:\/\/2horizontes.com\/index.php?rest_route=%2Fwp%2Fv2%2Fmedia&parent=14311"}],"wp:term":[{"taxonomy":"category","embeddable":true,"href":"https:\/\/2horizontes.com\/index.php?rest_route=%2Fwp%2Fv2%2Fcategories&post=14311"},{"taxonomy":"post_tag","embeddable":true,"href":"https:\/\/2horizontes.com\/index.php?rest_route=%2Fwp%2Fv2%2Ftags&post=14311"}],"curies":[{"name":"wp","href":"https:\/\/api.w.org\/{rel}","templated":true}]}}