{"id":14302,"date":"2015-06-30T03:03:47","date_gmt":"2015-06-30T02:03:47","guid":{"rendered":"http:\/\/2horizontes.com\/?p=14302"},"modified":"2015-06-30T03:03:47","modified_gmt":"2015-06-30T02:03:47","slug":"reportan-dos-temblores-de-tierra-en-rd","status":"publish","type":"post","link":"https:\/\/2horizontes.com\/?p=14302","title":{"rendered":"Reportan dos temblores de tierra en RD"},"content":{"rendered":"<p>RD-PERABIA Y SOSUA &#8211; Dos movimientos tel\u00faricos se registraron este lunes en la Rep\u00fablica Dominicana, cuyas magnitudes fueron de 4.02 y 3.48 grados en la escala de Richter, inform\u00f3 el Centro Nacional de Sismolog\u00eda de la Universidad Aut\u00f3noma de Santo-UASD.<\/p>\n<p>El organismo dijo que el temblor de 4.02 ocurri\u00f3 a las 12:15 de la medianoche, \u00a0a 29.71 Km. al Noreste de Sos\u00faa,\u00a0 Oc\u00e9ano Atl\u00e1ntico.<\/p>\n<p>Indic\u00f3 que tuvo una profundidad de 10.00 KM y sus coordenadas fueron longitud norte 19.96 y latitud oeste 70.35.<\/p>\n<p>En tanto que el movimiento de 3.48 grados ocurri\u00f3 a las 5:05 de la madrugada a 2.95 Km. al Noroeste de Las Calderas, Peravia. Su profundidad fue de 46.66 KM.<\/p>\n<p>Agreg\u00f3 que sus coordenadas fueron latitud Norte 18.23 y latitud oeste 70.51.<\/p>\n<p>FUENTE:EL CARIBE<\/p>\n","protected":false},"excerpt":{"rendered":"<p>RD-PERABIA Y SOSUA &#8211; Dos movimientos tel\u00faricos se registraron este lunes en la Rep\u00fablica Dominicana, cuyas magnitudes fueron de 4.02 y 3.48 grados en la escala de Richter, inform\u00f3 el Centro Nacional de Sismolog\u00eda de la Universidad Aut\u00f3noma de Santo-UASD. El organismo dijo que el temblor de 4.02 ocurri\u00f3 a las 12:15 de la medianoche, [&hellip;]<\/p>\n","protected":false},"author":8,"featured_media":14304,"comment_status":"open","ping_status":"open","sticky":false,"template":"","format":"standard","meta":{"footnotes":""},"categories":[53,44],"tags":[],"class_list":["post-14302","post","type-post","status-publish","format-standard","has-post-thumbnail","hentry","category-provincias","category-republica-dominicana"],"_links":{"self":[{"href":"https:\/\/2horizontes.com\/index.php?rest_route=\/wp\/v2\/posts\/14302","targetHints":{"allow":["GET"]}}],"collection":[{"href":"https:\/\/2horizontes.com\/index.php?rest_route=\/wp\/v2\/posts"}],"about":[{"href":"https:\/\/2horizontes.com\/index.php?rest_route=\/wp\/v2\/types\/post"}],"author":[{"embeddable":true,"href":"https:\/\/2horizontes.com\/index.php?rest_route=\/wp\/v2\/users\/8"}],"replies":[{"embeddable":true,"href":"https:\/\/2horizontes.com\/index.php?rest_route=%2Fwp%2Fv2%2Fcomments&post=14302"}],"version-history":[{"count":1,"href":"https:\/\/2horizontes.com\/index.php?rest_route=\/wp\/v2\/posts\/14302\/revisions"}],"predecessor-version":[{"id":14305,"href":"https:\/\/2horizontes.com\/index.php?rest_route=\/wp\/v2\/posts\/14302\/revisions\/14305"}],"wp:featuredmedia":[{"embeddable":true,"href":"https:\/\/2horizontes.com\/index.php?rest_route=\/wp\/v2\/media\/14304"}],"wp:attachment":[{"href":"https:\/\/2horizontes.com\/index.php?rest_route=%2Fwp%2Fv2%2Fmedia&parent=14302"}],"wp:term":[{"taxonomy":"category","embeddable":true,"href":"https:\/\/2horizontes.com\/index.php?rest_route=%2Fwp%2Fv2%2Fcategories&post=14302"},{"taxonomy":"post_tag","embeddable":true,"href":"https:\/\/2horizontes.com\/index.php?rest_route=%2Fwp%2Fv2%2Ftags&post=14302"}],"curies":[{"name":"wp","href":"https:\/\/api.w.org\/{rel}","templated":true}]}}