{"id":14286,"date":"2015-06-29T19:47:25","date_gmt":"2015-06-29T18:47:25","guid":{"rendered":"http:\/\/2horizontes.com\/?p=14286"},"modified":"2015-06-29T19:47:25","modified_gmt":"2015-06-29T18:47:25","slug":"gobierno-autoriza-rd60-mm-para-pago-de-profesores-de-la-uasd-en-rd","status":"publish","type":"post","link":"https:\/\/2horizontes.com\/?p=14286","title":{"rendered":"Gobierno autoriza RD$60 MM para pago de profesores de la UASD en RD"},"content":{"rendered":"<p>RD-SANTO DOMINGO-El Gobierno autoriz\u00f3 este d\u00eda la partida de RD$60 millones adicionales al presupuesto de la UASD para que se pueda efectuar el pago que demandan los profesores y al personal administrativo de esa academia, quienes hab\u00edan amenazado con <a href=\"http:\/\/www.elcaribe.com.do\/2015\/06\/29\/profesores-uasd-exigen-pago-amenaza-con-paralizar-docencia\"><strong>suspender la docencia<\/strong><\/a>.<\/p>\n<p>El rector de la universidad estatal, Iv\u00e1n Grull\u00f3n, inform\u00f3 que el Gobierno \u201cha ido cumpliendo poco a poco\u201d con la promesa de reducir el d\u00e9ficit que acumula la Universidad Aut\u00f3noma de Santo Domingo -UASD, la cual ascend\u00eda \u00a0RD$90 millones. Ahora es de 60 millones mensuales.<\/p>\n<p>Mediante una circular, Grull\u00f3n inform\u00f3 que \u201cel Gobierno Central ya transfiri\u00f3 una asignaci\u00f3n especial para completar el pago del sueldo del mes de junio\u201d. Subray\u00f3 que el desembolso se har\u00eda efectivo del mediod\u00eda de este lunes.<\/p>\n<p>Inform\u00f3 que el Gobierno tambi\u00e9n transfiri\u00f3 240 millones de pesos que se le asign\u00f3 a la Cooperativa, con la que manten\u00eda una deuda multimillonaria que hered\u00f3 su gesti\u00f3n.<\/p>\n<p>FUENTE : EL CARIBE<\/p>\n","protected":false},"excerpt":{"rendered":"<p>RD-SANTO DOMINGO-El Gobierno autoriz\u00f3 este d\u00eda la partida de RD$60 millones adicionales al presupuesto de la UASD para que se pueda efectuar el pago que demandan los profesores y al personal administrativo de esa academia, quienes hab\u00edan amenazado con suspender la docencia. El rector de la universidad estatal, Iv\u00e1n Grull\u00f3n, inform\u00f3 que el Gobierno \u201cha [&hellip;]<\/p>\n","protected":false},"author":8,"featured_media":14287,"comment_status":"open","ping_status":"open","sticky":false,"template":"","format":"standard","meta":{"footnotes":""},"categories":[63,55,44],"tags":[],"class_list":["post-14286","post","type-post","status-publish","format-standard","has-post-thumbnail","hentry","category-economia","category-educacion","category-republica-dominicana"],"_links":{"self":[{"href":"https:\/\/2horizontes.com\/index.php?rest_route=\/wp\/v2\/posts\/14286","targetHints":{"allow":["GET"]}}],"collection":[{"href":"https:\/\/2horizontes.com\/index.php?rest_route=\/wp\/v2\/posts"}],"about":[{"href":"https:\/\/2horizontes.com\/index.php?rest_route=\/wp\/v2\/types\/post"}],"author":[{"embeddable":true,"href":"https:\/\/2horizontes.com\/index.php?rest_route=\/wp\/v2\/users\/8"}],"replies":[{"embeddable":true,"href":"https:\/\/2horizontes.com\/index.php?rest_route=%2Fwp%2Fv2%2Fcomments&post=14286"}],"version-history":[{"count":1,"href":"https:\/\/2horizontes.com\/index.php?rest_route=\/wp\/v2\/posts\/14286\/revisions"}],"predecessor-version":[{"id":14288,"href":"https:\/\/2horizontes.com\/index.php?rest_route=\/wp\/v2\/posts\/14286\/revisions\/14288"}],"wp:featuredmedia":[{"embeddable":true,"href":"https:\/\/2horizontes.com\/index.php?rest_route=\/wp\/v2\/media\/14287"}],"wp:attachment":[{"href":"https:\/\/2horizontes.com\/index.php?rest_route=%2Fwp%2Fv2%2Fmedia&parent=14286"}],"wp:term":[{"taxonomy":"category","embeddable":true,"href":"https:\/\/2horizontes.com\/index.php?rest_route=%2Fwp%2Fv2%2Fcategories&post=14286"},{"taxonomy":"post_tag","embeddable":true,"href":"https:\/\/2horizontes.com\/index.php?rest_route=%2Fwp%2Fv2%2Ftags&post=14286"}],"curies":[{"name":"wp","href":"https:\/\/api.w.org\/{rel}","templated":true}]}}