{"id":14283,"date":"2015-06-29T19:42:55","date_gmt":"2015-06-29T18:42:55","guid":{"rendered":"http:\/\/2horizontes.com\/?p=14283"},"modified":"2015-06-29T19:42:55","modified_gmt":"2015-06-29T18:42:55","slug":"cuatro-de-5-muertos-en-accidente-en-samana-eran-parientes","status":"publish","type":"post","link":"https:\/\/2horizontes.com\/?p=14283","title":{"rendered":"Cuatro de 5 muertos en accidente en Saman\u00e1 eran parientes"},"content":{"rendered":"<p>RD- SANTO DOMINGO &#8211; Cuatro de las cinco personas que murieron en un accidente de tr\u00e1nsito en la autopista de Saman\u00e1, el pasado s\u00e1bado, pertenecen a\u00a0 una misma familia.<\/p>\n<p>F\u00e9lix Jim\u00e9nez P\u00e9rez, Gloria Aguiar, Brendy Nicole Jim\u00e9nez Aguiar, 8 a\u00f1os de edad, padre madre e hija respectivamente, as\u00ed como Valent\u00edn Jim\u00e9nez,\u00a0 padre de F\u00e9lix, fueron sepultados ayer en el cementerio de Cristo Rey, en el sector de igual nombre, tras fallecer producto de la colisi\u00f3n entre el carro en el que viajaban, con una yipeta, en el kil\u00f3metro 55 de la autopista del Nordeste.<\/p>\n<p>En el hecho tambi\u00e9n muri\u00f3 Unildo encarnaci\u00f3n, vecino de la familia, quien regresaba con ellos desde la comunidad el Lim\u00f3n de Yuna, Guaraguao, San Francisco de Macor\u00eds hacia Santo Domingo. Est\u00e1 siendo velado en la funeraria Blandino de la avenida Abraham Lincoln y ser\u00e1 enterrado hoy.<\/p>\n<p>H\u00e9ctor Vladimir Fr\u00edas Nin y Eunice Mar\u00eda Rosa G\u00f3mez, esta \u00faltima hija de Rom\u00e1n G\u00f3mez, exgobernador de Santiago, quienes viajaban en la yipeta, se encuentran internos en el Hospital Metropolitano de Santiago.<\/p>\n<p>Rosa G\u00f3mez est\u00e1 en la Unidad de Cuidados Intensivos. Fue intervenida quir\u00fargicamente porque tuvo problemas en el intestino delgado y desgarramiento del abdomen, causado por el cintur\u00f3n de seguridad.<\/p>\n","protected":false},"excerpt":{"rendered":"<p>RD- SANTO DOMINGO &#8211; Cuatro de las cinco personas que murieron en un accidente de tr\u00e1nsito en la autopista de Saman\u00e1, el pasado s\u00e1bado, pertenecen a\u00a0 una misma familia. F\u00e9lix Jim\u00e9nez P\u00e9rez, Gloria Aguiar, Brendy Nicole Jim\u00e9nez Aguiar, 8 a\u00f1os de edad, padre madre e hija respectivamente, as\u00ed como Valent\u00edn Jim\u00e9nez,\u00a0 padre de F\u00e9lix, fueron [&hellip;]<\/p>\n","protected":false},"author":8,"featured_media":14284,"comment_status":"open","ping_status":"open","sticky":false,"template":"","format":"standard","meta":{"footnotes":""},"categories":[44],"tags":[],"class_list":["post-14283","post","type-post","status-publish","format-standard","has-post-thumbnail","hentry","category-republica-dominicana"],"_links":{"self":[{"href":"https:\/\/2horizontes.com\/index.php?rest_route=\/wp\/v2\/posts\/14283","targetHints":{"allow":["GET"]}}],"collection":[{"href":"https:\/\/2horizontes.com\/index.php?rest_route=\/wp\/v2\/posts"}],"about":[{"href":"https:\/\/2horizontes.com\/index.php?rest_route=\/wp\/v2\/types\/post"}],"author":[{"embeddable":true,"href":"https:\/\/2horizontes.com\/index.php?rest_route=\/wp\/v2\/users\/8"}],"replies":[{"embeddable":true,"href":"https:\/\/2horizontes.com\/index.php?rest_route=%2Fwp%2Fv2%2Fcomments&post=14283"}],"version-history":[{"count":1,"href":"https:\/\/2horizontes.com\/index.php?rest_route=\/wp\/v2\/posts\/14283\/revisions"}],"predecessor-version":[{"id":14285,"href":"https:\/\/2horizontes.com\/index.php?rest_route=\/wp\/v2\/posts\/14283\/revisions\/14285"}],"wp:featuredmedia":[{"embeddable":true,"href":"https:\/\/2horizontes.com\/index.php?rest_route=\/wp\/v2\/media\/14284"}],"wp:attachment":[{"href":"https:\/\/2horizontes.com\/index.php?rest_route=%2Fwp%2Fv2%2Fmedia&parent=14283"}],"wp:term":[{"taxonomy":"category","embeddable":true,"href":"https:\/\/2horizontes.com\/index.php?rest_route=%2Fwp%2Fv2%2Fcategories&post=14283"},{"taxonomy":"post_tag","embeddable":true,"href":"https:\/\/2horizontes.com\/index.php?rest_route=%2Fwp%2Fv2%2Ftags&post=14283"}],"curies":[{"name":"wp","href":"https:\/\/api.w.org\/{rel}","templated":true}]}}