{"id":14280,"date":"2015-06-29T19:37:46","date_gmt":"2015-06-29T18:37:46","guid":{"rendered":"http:\/\/2horizontes.com\/?p=14280"},"modified":"2015-06-30T02:37:57","modified_gmt":"2015-06-30T01:37:57","slug":"cabo-del-ejercito-mata-uno-de-dos-asaltantes-en-san-francisco-rd","status":"publish","type":"post","link":"https:\/\/2horizontes.com\/?p=14280","title":{"rendered":"Cabo del Ej\u00e9rcito mata uno de dos \u201casaltantes\u201d en San Francisco RD"},"content":{"rendered":"<p>RD-SAN F DE MACORIS\u2013 Un cabo pensionado del Ej\u00e9rcito Nacional ultim\u00f3 a balazos a un hombre e hiri\u00f3 a otro que supuesta mente intentaron asaltarlo en la urbanizaci\u00f3n Campos Fern\u00e1ndez primera etapa de San Francisco de Macor\u00eds. El cabo tambi\u00e9n result\u00f3 herido.<\/p>\n<p>El cabo retirado Felipe Jos\u00e9 Camino Garc\u00eda, de 58 a\u00f1os, es acusado de matar de varios balazos a Jos\u00e9 Nelson Marte Salas, de 24 a\u00f1os, y de herir en el muslo y la mano derecha a Elisaul Mercedes Tejada. Quien fue trasladado a un centro de salud de esa ciudad.<\/p>\n<p>El m\u00e9dico certific\u00f3 que Marte Salas muri\u00f3 al presentar herida de bala por arma de fuego en el costado derecho.<\/p>\n<p>Seg\u00fan el informe policial, el hecho se produjo cuando la v\u00edctima y el herido persegu\u00edan al cabo para interceptarlo, y al llegar a la urbanizaci\u00f3n Campos Fern\u00e1ndez, lo enca\u00f1onaron, por lo que el agente hal\u00f3 su pistola y enfrent\u00f3 a los supuestos delincuentes.<\/p>\n<p>En el lugar del hecho fueron ocupados recolectados cuatro casquillos calibre 9 mil\u00edmetros, dos casquillos calibre 380, un tenis negro y un carro marca Toya Corolla, placa A 450941 en cuyo interior fue encontrado el fenecido.<\/p>\n<p>&nbsp;<\/p>\n","protected":false},"excerpt":{"rendered":"<p>RD-SAN F DE MACORIS\u2013 Un cabo pensionado del Ej\u00e9rcito Nacional ultim\u00f3 a balazos a un hombre e hiri\u00f3 a otro que supuesta mente intentaron asaltarlo en la urbanizaci\u00f3n Campos Fern\u00e1ndez primera etapa de San Francisco de Macor\u00eds. El cabo tambi\u00e9n result\u00f3 herido. El cabo retirado Felipe Jos\u00e9 Camino Garc\u00eda, de 58 a\u00f1os, es acusado de [&hellip;]<\/p>\n","protected":false},"author":8,"featured_media":14300,"comment_status":"open","ping_status":"open","sticky":false,"template":"","format":"standard","meta":{"footnotes":""},"categories":[53,44],"tags":[],"class_list":["post-14280","post","type-post","status-publish","format-standard","has-post-thumbnail","hentry","category-provincias","category-republica-dominicana"],"_links":{"self":[{"href":"https:\/\/2horizontes.com\/index.php?rest_route=\/wp\/v2\/posts\/14280","targetHints":{"allow":["GET"]}}],"collection":[{"href":"https:\/\/2horizontes.com\/index.php?rest_route=\/wp\/v2\/posts"}],"about":[{"href":"https:\/\/2horizontes.com\/index.php?rest_route=\/wp\/v2\/types\/post"}],"author":[{"embeddable":true,"href":"https:\/\/2horizontes.com\/index.php?rest_route=\/wp\/v2\/users\/8"}],"replies":[{"embeddable":true,"href":"https:\/\/2horizontes.com\/index.php?rest_route=%2Fwp%2Fv2%2Fcomments&post=14280"}],"version-history":[{"count":1,"href":"https:\/\/2horizontes.com\/index.php?rest_route=\/wp\/v2\/posts\/14280\/revisions"}],"predecessor-version":[{"id":14282,"href":"https:\/\/2horizontes.com\/index.php?rest_route=\/wp\/v2\/posts\/14280\/revisions\/14282"}],"wp:featuredmedia":[{"embeddable":true,"href":"https:\/\/2horizontes.com\/index.php?rest_route=\/wp\/v2\/media\/14300"}],"wp:attachment":[{"href":"https:\/\/2horizontes.com\/index.php?rest_route=%2Fwp%2Fv2%2Fmedia&parent=14280"}],"wp:term":[{"taxonomy":"category","embeddable":true,"href":"https:\/\/2horizontes.com\/index.php?rest_route=%2Fwp%2Fv2%2Fcategories&post=14280"},{"taxonomy":"post_tag","embeddable":true,"href":"https:\/\/2horizontes.com\/index.php?rest_route=%2Fwp%2Fv2%2Ftags&post=14280"}],"curies":[{"name":"wp","href":"https:\/\/api.w.org\/{rel}","templated":true}]}}