{"id":14268,"date":"2015-06-29T19:11:12","date_gmt":"2015-06-29T18:11:12","guid":{"rendered":"http:\/\/2horizontes.com\/?p=14268"},"modified":"2015-06-29T19:11:12","modified_gmt":"2015-06-29T18:11:12","slug":"hallan-muerta-anestesiologa-embarazada-en-clinica-santiago-rd","status":"publish","type":"post","link":"https:\/\/2horizontes.com\/?p=14268","title":{"rendered":"Hallan muerta anestesi\u00f3loga embarazada en cl\u00ednica Santiago RD"},"content":{"rendered":"<article class=\"contenidoArticulo\">\n<div class=\"cuerpoNoticia\">\n<p><strong>RD-Santiago.-<\/strong> Una doctora con 30 semanas de embarazada muri\u00f3 en el vestuario de la cl\u00ednica Uni\u00f3n M\u00e9dica, sin que hasta el momento se establezcan las causas de su fallecimiento.<\/p>\n<p>Julia N\u00fa\u00f1ez Rodr\u00edguez, de 35 a\u00f1os, estaba casada con el ginec\u00f3logo Jos\u00e9 Mar\u00eda<\/p>\n<p>El vocero de la instituci\u00f3n m\u00e9dica, V\u00edctor Ramos, dijo que el cuerpo fue entregado al Instituto Nacional de Patolog\u00eda Forense (INACIF) para fines de determinar las causas de su muerte.<\/p>\n<p>El caso ocurri\u00f3 la noche del domingo. Al finalizar su labor de anestesi\u00f3loga, la doctora entr\u00f3 al vestuario y minutos despu\u00e9s fue hallada muerta.<\/p>\n<\/div>\n<\/article>\n<p>FUENTE : EL CARIBE<\/p>\n","protected":false},"excerpt":{"rendered":"<p>RD-Santiago.- Una doctora con 30 semanas de embarazada muri\u00f3 en el vestuario de la cl\u00ednica Uni\u00f3n M\u00e9dica, sin que hasta el momento se establezcan las causas de su fallecimiento. Julia N\u00fa\u00f1ez Rodr\u00edguez, de 35 a\u00f1os, estaba casada con el ginec\u00f3logo Jos\u00e9 Mar\u00eda El vocero de la instituci\u00f3n m\u00e9dica, V\u00edctor Ramos, dijo que el cuerpo fue [&hellip;]<\/p>\n","protected":false},"author":8,"featured_media":14269,"comment_status":"open","ping_status":"open","sticky":false,"template":"","format":"standard","meta":{"footnotes":""},"categories":[53],"tags":[],"class_list":["post-14268","post","type-post","status-publish","format-standard","has-post-thumbnail","hentry","category-provincias"],"_links":{"self":[{"href":"https:\/\/2horizontes.com\/index.php?rest_route=\/wp\/v2\/posts\/14268","targetHints":{"allow":["GET"]}}],"collection":[{"href":"https:\/\/2horizontes.com\/index.php?rest_route=\/wp\/v2\/posts"}],"about":[{"href":"https:\/\/2horizontes.com\/index.php?rest_route=\/wp\/v2\/types\/post"}],"author":[{"embeddable":true,"href":"https:\/\/2horizontes.com\/index.php?rest_route=\/wp\/v2\/users\/8"}],"replies":[{"embeddable":true,"href":"https:\/\/2horizontes.com\/index.php?rest_route=%2Fwp%2Fv2%2Fcomments&post=14268"}],"version-history":[{"count":1,"href":"https:\/\/2horizontes.com\/index.php?rest_route=\/wp\/v2\/posts\/14268\/revisions"}],"predecessor-version":[{"id":14270,"href":"https:\/\/2horizontes.com\/index.php?rest_route=\/wp\/v2\/posts\/14268\/revisions\/14270"}],"wp:featuredmedia":[{"embeddable":true,"href":"https:\/\/2horizontes.com\/index.php?rest_route=\/wp\/v2\/media\/14269"}],"wp:attachment":[{"href":"https:\/\/2horizontes.com\/index.php?rest_route=%2Fwp%2Fv2%2Fmedia&parent=14268"}],"wp:term":[{"taxonomy":"category","embeddable":true,"href":"https:\/\/2horizontes.com\/index.php?rest_route=%2Fwp%2Fv2%2Fcategories&post=14268"},{"taxonomy":"post_tag","embeddable":true,"href":"https:\/\/2horizontes.com\/index.php?rest_route=%2Fwp%2Fv2%2Ftags&post=14268"}],"curies":[{"name":"wp","href":"https:\/\/api.w.org\/{rel}","templated":true}]}}