{"id":1418,"date":"2014-06-16T18:12:11","date_gmt":"2014-06-16T18:12:11","guid":{"rendered":"http:\/\/2horizontes.com\/?p=1418"},"modified":"2014-06-16T18:12:11","modified_gmt":"2014-06-16T18:12:11","slug":"espana-busca-dar-inmunidad-al-rey-juan-carlos","status":"publish","type":"post","link":"https:\/\/2horizontes.com\/?p=1418","title":{"rendered":"Espa\u00f1a busca dar inmunidad al rey Juan Carlos"},"content":{"rendered":"<div id=\"ArticleSourceDiv\" class=\"article-body-author\" style=\"margin-top: 0;\"><b>AP. Madrid. <a href=\"http:\/\/2horizontes.com\/wp-content\/uploads\/2014\/06\/rey11.jpg\"><img loading=\"lazy\" decoding=\"async\" class=\"alignleft size-medium wp-image-1419\" src=\"http:\/\/2horizontes.com\/wp-content\/uploads\/2014\/06\/rey11-300x199.jpg\" alt=\"rey1\" width=\"300\" height=\"199\" srcset=\"https:\/\/2horizontes.com\/wp-content\/uploads\/2014\/06\/rey11-300x199.jpg 300w, https:\/\/2horizontes.com\/wp-content\/uploads\/2014\/06\/rey11.jpg 400w\" sizes=\"auto, (max-width: 300px) 100vw, 300px\" \/><\/a><\/b>Espa\u00f1a est\u00e1 preparando una forma de protecci\u00f3n legal para cubrir al rey Juan Carlos una vez \u00e9ste abdique el trono en favor de su hijo Felipe.<\/div>\n<div id=\"ArticleBody\" style=\"margin-top: 10px;\">\n<p>&nbsp;<\/p>\n<p>Cuando el pr\u00edncipe de 46 a\u00f1os asuma la corona de Espa\u00f1a el 19 de junio\u2014 convirti\u00e9ndose en Felipe VI \u2014 el monarca de 76 a\u00f1os perder\u00e1 la inmunidad de que ha gozado desde que se convirti\u00f3 en rey en 1975.<\/p>\n<p>&nbsp;<\/p>\n<p>La vicepresidenta de gobierno Soraya S\u00e1enz de Santamar\u00eda dice que el fuero deber\u00e1 proteger a Juan Carlos, que en retiro mantendr\u00e1 su t\u00edtulo de rey, de querellas legales. Cualquier causa legal contra \u00e9l deber\u00eda ser examinada por el Tribunal Supremo, que tiene un umbral mucho mayor para evidencias.<\/p>\n<p>&nbsp;<\/p>\n<p>Su inmunidad fren\u00f3 dos demandas en el 2012 para que el monarca se sometiese a dos ex\u00e1menes de paternidad.<\/p>\n<p>&nbsp;<\/p>\n<p>Juan Carlos asumi\u00f3 la corona dos d\u00edas despu\u00e9s de la muerte del dictador Francisco Franco, que le hab\u00eda nombrado su sucesor. Gan\u00f3 gran popularidad al rechazar un intento de golpe de estado en 1981, garantizando con ello una transici\u00f3n sin problemas a la democracia. Pero su popularidad ha sido mellada en tiempos recientes por esc\u00e1ndalos.<\/p>\n<p>&nbsp;<\/p>\n<p>En el 2012 caus\u00f3 furia p\u00fablica al hacer un viaje secreto a Botsuana para cazar elefantes durante el momento \u00e1lgido de la crisis financiera espa\u00f1ola.<\/p>\n<p>&nbsp;<\/p>\n<p>La monarqu\u00eda fue da\u00f1ada tambi\u00e9n por una investigaci\u00f3n a su yerno, I\u00f1aki Urdangar\u00edn, por sospechas de desfalco. Su hija menor, la princesa Cristina, tuvo que declarar como sospechosa nombrada en la causa de fraude y lavado de dinero contra su esposo.<\/p>\n<p>&nbsp;<\/p>\n<p>En su discurso navide\u00f1o del 2012, el monarca trat\u00f3 de distanciarse del esc\u00e1ndalo, diciendo: \u00abLa justicia es igual para todos\u00bb.<\/p>\n<p>&nbsp;<\/p>\n<p>Ahora, pol\u00edticos como Pedro S\u00e1nchez, del opositor Partido Socialista, dicen que Juan Carlos deber\u00eda atenerse a esas palabras y permitir que su inmunidad sea eliminada.<\/p>\n<\/div>\n","protected":false},"excerpt":{"rendered":"<p>AP. Madrid. Espa\u00f1a est\u00e1 preparando una forma de protecci\u00f3n legal para cubrir al rey Juan Carlos una vez \u00e9ste abdique el trono en favor de su hijo Felipe. &nbsp; Cuando el pr\u00edncipe de 46 a\u00f1os asuma la corona de Espa\u00f1a el 19 de junio\u2014 convirti\u00e9ndose en Felipe VI \u2014 el monarca de 76 a\u00f1os perder\u00e1 [&hellip;]<\/p>\n","protected":false},"author":1,"featured_media":0,"comment_status":"open","ping_status":"open","sticky":false,"template":"","format":"standard","meta":{"footnotes":""},"categories":[1],"tags":[],"class_list":["post-1418","post","type-post","status-publish","format-standard","hentry","category-entretenimiento"],"_links":{"self":[{"href":"https:\/\/2horizontes.com\/index.php?rest_route=\/wp\/v2\/posts\/1418","targetHints":{"allow":["GET"]}}],"collection":[{"href":"https:\/\/2horizontes.com\/index.php?rest_route=\/wp\/v2\/posts"}],"about":[{"href":"https:\/\/2horizontes.com\/index.php?rest_route=\/wp\/v2\/types\/post"}],"author":[{"embeddable":true,"href":"https:\/\/2horizontes.com\/index.php?rest_route=\/wp\/v2\/users\/1"}],"replies":[{"embeddable":true,"href":"https:\/\/2horizontes.com\/index.php?rest_route=%2Fwp%2Fv2%2Fcomments&post=1418"}],"version-history":[{"count":1,"href":"https:\/\/2horizontes.com\/index.php?rest_route=\/wp\/v2\/posts\/1418\/revisions"}],"predecessor-version":[{"id":1420,"href":"https:\/\/2horizontes.com\/index.php?rest_route=\/wp\/v2\/posts\/1418\/revisions\/1420"}],"wp:attachment":[{"href":"https:\/\/2horizontes.com\/index.php?rest_route=%2Fwp%2Fv2%2Fmedia&parent=1418"}],"wp:term":[{"taxonomy":"category","embeddable":true,"href":"https:\/\/2horizontes.com\/index.php?rest_route=%2Fwp%2Fv2%2Fcategories&post=1418"},{"taxonomy":"post_tag","embeddable":true,"href":"https:\/\/2horizontes.com\/index.php?rest_route=%2Fwp%2Fv2%2Ftags&post=1418"}],"curies":[{"name":"wp","href":"https:\/\/api.w.org\/{rel}","templated":true}]}}