{"id":14132,"date":"2015-06-29T11:33:44","date_gmt":"2015-06-29T10:33:44","guid":{"rendered":"http:\/\/2horizontes.com\/?p=14132"},"modified":"2015-06-29T11:33:44","modified_gmt":"2015-06-29T10:33:44","slug":"los-mas-grandes-del-tenis-espanol-piden-la-cabeza-de-escanuela","status":"publish","type":"post","link":"https:\/\/2horizontes.com\/?p=14132","title":{"rendered":"Los m\u00e1s grandes del tenis espa\u00f1ol piden la cabeza de Esca\u00f1uela"},"content":{"rendered":"<p>La guerra civil entre la Federaci\u00f3n de Tenis y la Spanish Army (como se conoce por aqu\u00ed a nuestra nutrida representaci\u00f3n de tenistas en el top 100) estall\u00f3 el domingo sobre la hierba de Wimbledon y acapar\u00f3 la atenci\u00f3n de la prensa internacional, que no acaba de entender la naturaleza de este enfrentamiento que viene de largo y que ha estallado en la antesala del torneo londinense. Todos a una, Rafael Nadal, el lesionado David Ferrer, Feliciano L\u00f3pez, Tommy Robredo y Fernando Verdasco acudieron a una cita de urgencia que al principio iba a ser un hotel, despu\u00e9s en una de las casas alquiladas en Wimbledon y, finalmente, en un restaurante dentro del exclusivo All England Club, que nunca vio nada parecido.<\/p>\n<p>Se trataba a aunar posturas y redactar una carta, a modo de manifiesto, para intentar dar por zanjada la pol\u00e9mica desatada por la designaci\u00f3n de Gala Le\u00f3n como capitana del equipo de la Copa Davis sin haber consultado previamente con los jugadores. El nombramiento pudo decidirlo personalmente en septiembre el presidente de la Real Federaci\u00f3n Espa\u00f1ola de Tenis (RFET), Jos\u00e9 Luis Esca\u00f1uela, reci\u00e9n sancionado e inhabilitado durante un mes por el Tribunal Administrativo del Deporte (TAD) por la falta de transparencia en su gesti\u00f3n.<\/p>\n<p>Cerca de la medianoche, se hizo p\u00fablica una carta que no sorprende tanto por su contenido, reprobatorio con la gesti\u00f3n del presidente, como por el respaldo masivo, que incluye tambi\u00e9n a la \u00e9lite del tenis femenino, a entrenadores y ex jugadores tan representativos como Juan Carlos Ferrero, Carlos Moy\u00e0, Sergi Bruguera Manolo Santana, as\u00ed como por el hecho de no mencionar a Gala Le\u00f3n.<\/p>\n<p>Antes de hacerse p\u00fablico este comunicado se vivi\u00f3 un nuevo episodio en el ca\u00f3tico escenario de nuestro tenis. Despu\u00e9s de las sucesivas manifestaciones de rechazo de los tenistas Gala Le\u00f3n present\u00f3 su dimisi\u00f3n. Ni Olvido Aguilera, presidenta en funciones, ni Esca\u00f1uela, que sigue al mando en la sombra, aceptaron la renuncia de la mujer cuyo nombramiento ha provocado el conflicto. Curiosamente, no hay una sola menci\u00f3n personal a ella en la carta, si bien al criticarse tambi\u00e9n el funcionamiento del \u00e1rea deportiva existe una censura impl\u00edcita a su gesti\u00f3n como directora deportiva.<\/p>\n<p>El presidente ha convertido en una cuesti\u00f3n personal lograr que Gala Le\u00f3n ejerza como capitana en la eliminatoria contra Rusia por el ascenso al Grupo Mundial, un cruce que, al fin y al cabo, a ninguno de los actores del conflicto parece importarles demasiado.<\/p>\n","protected":false},"excerpt":{"rendered":"<p>La guerra civil entre la Federaci\u00f3n de Tenis y la Spanish Army (como se conoce por aqu\u00ed a nuestra nutrida representaci\u00f3n de tenistas en el top 100) estall\u00f3 el domingo sobre la hierba de Wimbledon y acapar\u00f3 la atenci\u00f3n de la prensa internacional, que no acaba de entender la naturaleza de este enfrentamiento que viene [&hellip;]<\/p>\n","protected":false},"author":3,"featured_media":14133,"comment_status":"open","ping_status":"open","sticky":false,"template":"","format":"standard","meta":{"footnotes":""},"categories":[42],"tags":[],"class_list":["post-14132","post","type-post","status-publish","format-standard","has-post-thumbnail","hentry","category-deportes"],"_links":{"self":[{"href":"https:\/\/2horizontes.com\/index.php?rest_route=\/wp\/v2\/posts\/14132","targetHints":{"allow":["GET"]}}],"collection":[{"href":"https:\/\/2horizontes.com\/index.php?rest_route=\/wp\/v2\/posts"}],"about":[{"href":"https:\/\/2horizontes.com\/index.php?rest_route=\/wp\/v2\/types\/post"}],"author":[{"embeddable":true,"href":"https:\/\/2horizontes.com\/index.php?rest_route=\/wp\/v2\/users\/3"}],"replies":[{"embeddable":true,"href":"https:\/\/2horizontes.com\/index.php?rest_route=%2Fwp%2Fv2%2Fcomments&post=14132"}],"version-history":[{"count":1,"href":"https:\/\/2horizontes.com\/index.php?rest_route=\/wp\/v2\/posts\/14132\/revisions"}],"predecessor-version":[{"id":14134,"href":"https:\/\/2horizontes.com\/index.php?rest_route=\/wp\/v2\/posts\/14132\/revisions\/14134"}],"wp:featuredmedia":[{"embeddable":true,"href":"https:\/\/2horizontes.com\/index.php?rest_route=\/wp\/v2\/media\/14133"}],"wp:attachment":[{"href":"https:\/\/2horizontes.com\/index.php?rest_route=%2Fwp%2Fv2%2Fmedia&parent=14132"}],"wp:term":[{"taxonomy":"category","embeddable":true,"href":"https:\/\/2horizontes.com\/index.php?rest_route=%2Fwp%2Fv2%2Fcategories&post=14132"},{"taxonomy":"post_tag","embeddable":true,"href":"https:\/\/2horizontes.com\/index.php?rest_route=%2Fwp%2Fv2%2Ftags&post=14132"}],"curies":[{"name":"wp","href":"https:\/\/api.w.org\/{rel}","templated":true}]}}