{"id":14122,"date":"2015-06-29T11:22:02","date_gmt":"2015-06-29T10:22:02","guid":{"rendered":"http:\/\/2horizontes.com\/?p=14122"},"modified":"2015-06-29T11:22:32","modified_gmt":"2015-06-29T10:22:32","slug":"14122","status":"publish","type":"post","link":"https:\/\/2horizontes.com\/?p=14122","title":{"rendered":"Espa\u00f1a sufre el peor d\u00eda de la ola de calor con C\u00f3rdoba en alerta roja"},"content":{"rendered":"<p>Espa\u00f1a sufre este lunes el peor d\u00eda de la primera ola de calor del verano y que coloca a 43 de sus 50 provincias en alerta por altas temperaturas, de las que 18 est\u00e1n en riesgo naranja o importante (el segundo nivel de una escala de tres) y una, C\u00f3rdoba, en alerta roja o riesgo extremo (el nivel m\u00e1s alto) por 44 grados en la zona de la campi\u00f1a. No lejos, en 42 grados, se quedar\u00e1n ciudades como Toledo y Sevilla, seg\u00fan la Agencia Estatal de Meteorolog\u00eda (Aemet). Solo se libran Cantabria, Bizcaia, Gipuzkoa, Castell\u00f3n, Murcia M\u00e1laga y Santa Cruz de Tenerife.<\/p>\n<p>Predominar\u00e1n los cielos pr\u00e1cticamente despejados en Espa\u00f1a, con pocas excepciones, ya que se esperan intervalos nubosos en el norte de Canarias y, al principio del d\u00eda, en el norte de Galicia, el \u00e1rea cant\u00e1brica y el del Estrecho, y, por la tarde, en zonas monta\u00f1osas del interior peninsular. Las temperaturas ascender\u00e1n en el cuadrante noroeste peninsular y en Canarias, y la subida ser\u00e1 localmente notable en el noroeste de Galicia, mientras que descender\u00e1n en zonas del levante y en el extremo suroeste.<\/p>\n<p>La primera ola de calor del verano afecta a toda la Pen\u00ednsula y Baleares<br \/>\nCinco consejos para ahorrar en aire acondicionado<br \/>\nEl mayo m\u00e1s caluroso en 50 a\u00f1os<br \/>\nC\u00f3mo aislarse del calor<br \/>\n9 recetas ligeras y refrescantes para sobrevivir al calor<br \/>\nTrucos para dormir sin calor (ni refrigeraci\u00f3n)<br \/>\nEntre las capitales de provincia, los term\u00f3metros marcar\u00e1n las temperaturas m\u00e1s altas en C\u00f3rdoba (44); Badajoz (43); Ciudad Real, Sevilla y Toledo (42); C\u00e1ceres, Ja\u00e9n y Madrid (41), y Granada, Guadalajara y Zaragoza (40).<\/p>\n<p>Las alertas est\u00e1n activadas en la mayor\u00eda de los casos entre las 14.00 y las 20.00 por temperaturas de entre 44 y 34 grados, seg\u00fan los umbrales de riesgo para la salud de la poblaci\u00f3n en cada zona de Espa\u00f1a. As\u00ed, las provincias de Madrid, Ja\u00e9n, Badajoz, C\u00e1ceres y Ciudad Real podr\u00edan alcanzar los 41, y en Cuenca y Guadalajara los 40. Por debajo se encuentran C\u00e1diz, Huelva, Zaragoza, \u00c1vila, Salamanca, Valladolid, Zamora, Lleida, Navarra y Granada d\u00f3nde se registrar\u00e1n m\u00e1ximas de 39.<\/p>\n<p>Asimismo, est\u00e1n alerta amarilla Huesca, Teruel, Valencia, Ourense y Albacete que podr\u00edan llegar a los 38 y Almer\u00eda, Le\u00f3n, Palencia, Segovia, Soria, Lugo y Burgos con 37. En las provincias de Barcelona, Girona, Mallorca, La Rioja, \u00c1lava, Tarragona y Alicante se registrar\u00e1n temperaturas de 36, en A Coru\u00f1a y Pontevedra de 35, y por \u00faltimo en Gran Canaria, Ibiza y Formentera y Asturias con m\u00e1ximas de 34.<\/p>\n","protected":false},"excerpt":{"rendered":"<p>Espa\u00f1a sufre este lunes el peor d\u00eda de la primera ola de calor del verano y que coloca a 43 de sus 50 provincias en alerta por altas temperaturas, de las que 18 est\u00e1n en riesgo naranja o importante (el segundo nivel de una escala de tres) y una, C\u00f3rdoba, en alerta roja o riesgo [&hellip;]<\/p>\n","protected":false},"author":3,"featured_media":14123,"comment_status":"open","ping_status":"open","sticky":false,"template":"","format":"standard","meta":{"footnotes":""},"categories":[85],"tags":[],"class_list":["post-14122","post","type-post","status-publish","format-standard","has-post-thumbnail","hentry","category-espana"],"_links":{"self":[{"href":"https:\/\/2horizontes.com\/index.php?rest_route=\/wp\/v2\/posts\/14122","targetHints":{"allow":["GET"]}}],"collection":[{"href":"https:\/\/2horizontes.com\/index.php?rest_route=\/wp\/v2\/posts"}],"about":[{"href":"https:\/\/2horizontes.com\/index.php?rest_route=\/wp\/v2\/types\/post"}],"author":[{"embeddable":true,"href":"https:\/\/2horizontes.com\/index.php?rest_route=\/wp\/v2\/users\/3"}],"replies":[{"embeddable":true,"href":"https:\/\/2horizontes.com\/index.php?rest_route=%2Fwp%2Fv2%2Fcomments&post=14122"}],"version-history":[{"count":2,"href":"https:\/\/2horizontes.com\/index.php?rest_route=\/wp\/v2\/posts\/14122\/revisions"}],"predecessor-version":[{"id":14125,"href":"https:\/\/2horizontes.com\/index.php?rest_route=\/wp\/v2\/posts\/14122\/revisions\/14125"}],"wp:featuredmedia":[{"embeddable":true,"href":"https:\/\/2horizontes.com\/index.php?rest_route=\/wp\/v2\/media\/14123"}],"wp:attachment":[{"href":"https:\/\/2horizontes.com\/index.php?rest_route=%2Fwp%2Fv2%2Fmedia&parent=14122"}],"wp:term":[{"taxonomy":"category","embeddable":true,"href":"https:\/\/2horizontes.com\/index.php?rest_route=%2Fwp%2Fv2%2Fcategories&post=14122"},{"taxonomy":"post_tag","embeddable":true,"href":"https:\/\/2horizontes.com\/index.php?rest_route=%2Fwp%2Fv2%2Ftags&post=14122"}],"curies":[{"name":"wp","href":"https:\/\/api.w.org\/{rel}","templated":true}]}}