{"id":14100,"date":"2015-06-28T19:47:11","date_gmt":"2015-06-28T18:47:11","guid":{"rendered":"http:\/\/2horizontes.com\/?p=14100"},"modified":"2015-06-28T19:47:11","modified_gmt":"2015-06-28T18:47:11","slug":"muere-un-agente-forestal-cuando-sofocaba-un-incendio-en-lugo","status":"publish","type":"post","link":"https:\/\/2horizontes.com\/?p=14100","title":{"rendered":"Muere un agente forestal cuando sofocaba un incendio en Lugo"},"content":{"rendered":"<p>Un agente forestal muri\u00f3 ayer tarde mientras dirig\u00eda las operaciones para sofocar un incendio en el municipio de Gunt\u00edn (Lugo), en la parroquia de Vilamaior de Negral. Aunque tanto la Conseller\u00eda de Medio Rural como los compa\u00f1eros del fallecido sostienen que la muerte le sobrevino por causas naturales, previsiblemente un infarto, el juez acudi\u00f3 a levantar el cad\u00e1ver. Xos\u00e9 Enrique Casanova, concejal del Bloque Nacionalista Galego (BNG) en el Ayuntamiento de Corgo con experiencia en las tareas de extinci\u00f3n, falleci\u00f3 cuando el fuego, iniciado a las 15,27 horas, estaba ya pr\u00e1cticamente controlado.<\/p>\n<p>La brigada forestal que dirig\u00eda Casanova sofoc\u00f3 las llamas, un conato que acab\u00f3 arrasando apenas 0,28 hect\u00e1reas, en algo menos de tres horas, seg\u00fan confirma la Conseller\u00eda de Medio Rural. Los compa\u00f1eros del fallecido, representante de los trabajadores del sector forestal en el sindicato CIG, atribuyen el probable infarto a las altas temperaturas \u00abjunto al estr\u00e9s de la coordinaci\u00f3n de los numerosos incencios\u00bb que se registran estos d\u00edas. \u00abNo es el primer agente forestal que sufre un infarto mientras trabaja contra el fuego ni ser\u00e1 el \u00faltimo\u00bb, lamentan los brigadistas.<\/p>\n","protected":false},"excerpt":{"rendered":"<p>Un agente forestal muri\u00f3 ayer tarde mientras dirig\u00eda las operaciones para sofocar un incendio en el municipio de Gunt\u00edn (Lugo), en la parroquia de Vilamaior de Negral. Aunque tanto la Conseller\u00eda de Medio Rural como los compa\u00f1eros del fallecido sostienen que la muerte le sobrevino por causas naturales, previsiblemente un infarto, el juez acudi\u00f3 a [&hellip;]<\/p>\n","protected":false},"author":3,"featured_media":14101,"comment_status":"open","ping_status":"open","sticky":false,"template":"","format":"standard","meta":{"footnotes":""},"categories":[85],"tags":[],"class_list":["post-14100","post","type-post","status-publish","format-standard","has-post-thumbnail","hentry","category-espana"],"_links":{"self":[{"href":"https:\/\/2horizontes.com\/index.php?rest_route=\/wp\/v2\/posts\/14100","targetHints":{"allow":["GET"]}}],"collection":[{"href":"https:\/\/2horizontes.com\/index.php?rest_route=\/wp\/v2\/posts"}],"about":[{"href":"https:\/\/2horizontes.com\/index.php?rest_route=\/wp\/v2\/types\/post"}],"author":[{"embeddable":true,"href":"https:\/\/2horizontes.com\/index.php?rest_route=\/wp\/v2\/users\/3"}],"replies":[{"embeddable":true,"href":"https:\/\/2horizontes.com\/index.php?rest_route=%2Fwp%2Fv2%2Fcomments&post=14100"}],"version-history":[{"count":1,"href":"https:\/\/2horizontes.com\/index.php?rest_route=\/wp\/v2\/posts\/14100\/revisions"}],"predecessor-version":[{"id":14102,"href":"https:\/\/2horizontes.com\/index.php?rest_route=\/wp\/v2\/posts\/14100\/revisions\/14102"}],"wp:featuredmedia":[{"embeddable":true,"href":"https:\/\/2horizontes.com\/index.php?rest_route=\/wp\/v2\/media\/14101"}],"wp:attachment":[{"href":"https:\/\/2horizontes.com\/index.php?rest_route=%2Fwp%2Fv2%2Fmedia&parent=14100"}],"wp:term":[{"taxonomy":"category","embeddable":true,"href":"https:\/\/2horizontes.com\/index.php?rest_route=%2Fwp%2Fv2%2Fcategories&post=14100"},{"taxonomy":"post_tag","embeddable":true,"href":"https:\/\/2horizontes.com\/index.php?rest_route=%2Fwp%2Fv2%2Ftags&post=14100"}],"curies":[{"name":"wp","href":"https:\/\/api.w.org\/{rel}","templated":true}]}}