{"id":1408,"date":"2014-06-16T17:08:37","date_gmt":"2014-06-16T17:08:37","guid":{"rendered":"http:\/\/2horizontes.com\/?p=1408"},"modified":"2014-06-16T17:55:44","modified_gmt":"2014-06-16T17:55:44","slug":"con-la-campana-por-la-paz-el-estratega-antonio-sola-logra-reeleccion-del-presidente-santos-en-colombia","status":"publish","type":"post","link":"https:\/\/2horizontes.com\/?p=1408","title":{"rendered":"Con la campa\u00f1a por la \u201cPaz\u201d el estratega Antonio Sola, logra reelecci\u00f3n del presidente Santos en Colombia"},"content":{"rendered":"<blockquote><p><strong>UN NUEVO TRIUNFO PARA OSTOSSOLA<\/strong><\/p>\n<p><strong> Publicado por. Kenia Del Orbe y Agencia. <\/strong><\/p>\n<p><strong>Madrid<\/strong>.- <a href=\"http:\/\/2horizontes.com\/wp-content\/uploads\/2014\/06\/IMG_20140615_171857.jpg\"><img loading=\"lazy\" decoding=\"async\" class=\"alignleft size-medium wp-image-1409\" src=\"http:\/\/2horizontes.com\/wp-content\/uploads\/2014\/06\/IMG_20140615_171857-225x300.jpg\" alt=\"IMG_20140615_171857\" width=\"225\" height=\"300\" srcset=\"https:\/\/2horizontes.com\/wp-content\/uploads\/2014\/06\/IMG_20140615_171857-225x300.jpg 225w, https:\/\/2horizontes.com\/wp-content\/uploads\/2014\/06\/IMG_20140615_171857.jpg 480w\" sizes=\"auto, (max-width: 225px) 100vw, 225px\" \/><\/a> El espa\u00f1ol Antonio Sola, socio director de la firma OstosSola, junto a \u00c1ngel Beccassino, fueron los responsables de coordinar la estrategia general de la campa\u00f1a que logr\u00f3 la reelecci\u00f3n este domingo para el per\u00edodo 2014 \u2013 2018 del presidente\u00a0 Juan Manuel Santos en Colombia, mediante una segunda vuelta electoral.<\/p>\n<p>El \u00e9xito en la reelecci\u00f3n del presidente\u00a0 de colombia, Juan Manuel Santos, se une a otras campa\u00f1as y victorias presidenciales de la compa\u00f1\u00eda OstosSola en Espa\u00f1a y Am\u00e9rica Latina. Jos\u00e9 Mar\u00eda Aznar (Espa\u00f1a), Vicente Fox (M\u00e9xico), Felipe Calder\u00f3n (M\u00e9xico), Mariano Rajoy (Espa\u00f1a), Antonio El\u00edas Saca (El Salvador), Michel Martelly (Hait\u00ed), Otto P\u00e9rez Molina (Guatemala), entre otras.<\/p>\n<p>El espa\u00f1ol Antonio Sola, inform\u00f3 esta madrugada desde Bogot\u00e1 que \u201cesta victoria es la de la Paz, el eje fundamental de la campa\u00f1a reeleccionista de Santos, que pasar\u00e1 a la historia como el Presidente de la Paz, si logra dar fin al conflicto interno que tiene m\u00e1s de 50 a\u00f1os. Esto pes\u00f3, finalmente, en la decisi\u00f3n de los colombianos para reelegir a Santos. Junto a la campa\u00f1a presidencial de Felipe Calder\u00f3n en M\u00e9xico en el 2006 \u2013donde Sola ejerci\u00f3 tambi\u00e9n como estratega general\u2013, \u00e9sta ha sido una de las m\u00e1s dif\u00edciles de mi vida. Estoy muy agradecido con el Presidente Santos por haber confiado su campa\u00f1a a un grupo excepcional de profesionales con los que hemos podido compartir y llevar a cabo una estrategia finalmente victoriosa\u201d.<\/p>\n<p>Bogot\u00e1, junio de 2014.- Los colombianos decidieron renovar la confianza en su Presidente Juan Manuel Santos, quien era reelegido, despu\u00e9s de un per\u00edodo presidencial de 4 a\u00f1os (2010 \u2013 2014), con el 50,85% de los votos (7.711.434). Seg\u00fan los resultados oficiales, con el escrutinio del 98,46%, Santos se impuso a su competidor \u00fanico de segunda vuelta, \u00d3scar Iv\u00e1n Zuluaga del Partido Centro Democr\u00e1tico, por m\u00e1s de 5 puntos.<\/p>\n<p>La estrategia general de la campa\u00f1a fue asumida, liderada y dirigida \u2013 desde pocas semanas antes de la primera vuelta y hasta la consecuci\u00f3n del triunfo\u2013 por el argentino \u00c1ngel Beccassino y el espa\u00f1ol Antonio Sola. En un arriesgado ejercicio tras la derrota en la primera vuelta (Zuluaga 29.25% y Santos 25.69%), la campa\u00f1a de Santos decidi\u00f3 concentrarse en la estrategia de la Paz, cambiar la imagen y el eslogan para una vertiginosa segunda vuelta de tan s\u00f3lo 21 d\u00edas (25 de mayo, primera vuelta; 15 de junio, segunda vuelta). Del eslogan \u201cHemos hecho mucho. Falta mucho por hacer\u201d se pas\u00f3 al \u201cCon Paz haremos m\u00e1s\u201d y del \u201cJuan Manuel Presidente\u201d al \u201cSantos Presidente\u201d, en una imagen centrada en el candidato Presidente, con m\u00e1s fuerza y car\u00e1cter.<\/p>\n<p>\u201cEsta victoria es hist\u00f3rica. Una derrota en el primer tiempo del partido, una victoria en el segundo. El partido no se acaba hasta que pita el \u00e1rbitro y eso ha sucedido en esta elecci\u00f3n\u201d ha se\u00f1alado Sola. \u201cMi experiencia es que siempre es complejo ganar una segunda vuelta despu\u00e9s de triunfar en la primera. Y eso le pas\u00f3 a Zuluaga. Nosotros nos preparamos desde antes de concluir la primera vuelta para focalizar toda la estrategia en la Paz, a la cabeza del Presidente Santos\u201d.<\/p>\n<p>La elecci\u00f3n en esta segunda vuelta se concentr\u00f3 en el dilema Paz \/ Guerra que, seg\u00fan mediciones internas, lleg\u00f3 a suponer el 45% del valor motivador que los colombianos le dieron al voto, muy pr\u00f3ximo al porcentaje de votaci\u00f3n que, finalmente, obtuvo Santos. En este sentido, las alianzas pol\u00edticas que logr\u00f3 la candidatura de Santos con otros movimientos pol\u00edticos y sociales, jugaron un papel fundamental en plazas como Bogot\u00e1 y la Costa colombiana que terminaron por darle la reelecci\u00f3n al denominado candidato de la Unidad (Por su alianza inicial con los Partidos de la U, Liberal y Cambio Radical). Otros factores en juego fueron la econom\u00eda y la seguridad que aqueja, todav\u00eda hoy, a los colombianos en algunas regiones del pa\u00eds.<\/p>\n<p>Santos va a enfrentar un per\u00edodo \u00fanico en la historia de Colombia en lo que se refiere al Proceso de Paz que se est\u00e1 negociando en La Habana. Por primera vez, Gobierno y el grupo guerrillero FARC han acordado ya 3 de 5 puntos de una agenda de Paz que tendr\u00e1 que ser refrendada por todos los colombianos una vez negociados los 5 puntos de la agenda. A eso, se suma el anuncio, d\u00edas antes de la segunda vuelta, de que Gobierno y ELN \u2013 el otro grupo guerrillero colombiano\u2013 est\u00e1n en conversaciones para aprobar una agenda de negociaci\u00f3n, y dar tambi\u00e9n fin al conflicto armado en Colombia que lleva m\u00e1s de cinco d\u00e9cadas y que se ha cobrado cientos de miles de muertos hasta la fecha.<\/p>\n<p>En palabras de Sola, \u201ccomo ha se\u00f1alado el Presidente Santos en toda su campa\u00f1a, nunca antes Colombia ha estado tan cerca de la Paz, una Paz que debe hacerse con los enemigos, una Paz que requiere de fuerza, de tes\u00f3n, de car\u00e1cter y de energ\u00eda. Estoy seguro que los colombianos van a lograr transformar su pa\u00eds y se van a convertir en los pr\u00f3ximos a\u00f1os en una de los motores de Am\u00e9rica Latina. S\u00f3lo queda decir: Colombia, que la Paz sea contigo\u201d.<\/p>\n<p><strong>Sobre OstosSola<\/strong><br \/>\nOstosSola es un grupo consultor especializado en la generaci\u00f3n de estrategias pol\u00edticas, empresariales y sociales. Cuenta con delegaciones y representaciones en Espa\u00f1a, Estados Unidos, Guatemala, M\u00e9xico, Ecuador, Panam\u00e1 y Chile.<\/p>\n<p>Con m\u00e1s de trece a\u00f1os de experiencia en m\u00e1s de quince pa\u00edses de Am\u00e9rica y Europa, es la \u00fanica consultora con certificaci\u00f3n internacional UNE-EN-ISO 9001:2008 en los servicios de Estrategia de Marketing Pol\u00edtico y Social (Madrid), una metodolog\u00eda certificada y renovada anualmente desde el a\u00f1o 2008 por la compa\u00f1\u00eda alemana, T\u00dcV Rheinland, y que est\u00e1 avalada por los \u00e9xitos de las campa\u00f1as desarrolladas.<\/p><\/blockquote>\n<p><em><strong>Enlaces de videos de la campa\u00f1a<\/strong>:<\/em><\/p>\n<blockquote><p>Link Spot &#8211; \u00bfUsted prestar\u00eda a su hijo para la guerra?<br \/>\n<iframe loading=\"lazy\" width=\"960\" height=\"540\" src=\"https:\/\/www.youtube.com\/embed\/235SsRq2gxY?feature=oembed\" frameborder=\"0\" allowfullscreen><\/iframe><\/p>\n<p>Link Spot \u2013 Himno Paz<br \/>\n<iframe loading=\"lazy\" width=\"960\" height=\"540\" src=\"https:\/\/www.youtube.com\/embed\/KVbofHgADps?feature=oembed\" frameborder=\"0\" allowfullscreen><\/iframe><\/p>\n<p>Link Spot \u2013 F\u00fatbol Mundial<br \/>\n<iframe loading=\"lazy\" width=\"960\" height=\"720\" src=\"https:\/\/www.youtube.com\/embed\/WMB0RUvOoTA?feature=oembed\" frameborder=\"0\" allowfullscreen><\/iframe><\/p>\n<p><strong>Publicado por. Kenia Del Orbe y Agencia.<\/strong><\/p><\/blockquote>\n","protected":false},"excerpt":{"rendered":"<p>UN NUEVO TRIUNFO PARA OSTOSSOLA Publicado por. Kenia Del Orbe y Agencia. Madrid.- El espa\u00f1ol Antonio Sola, socio director de la firma OstosSola, junto a \u00c1ngel Beccassino, fueron los responsables de coordinar la estrategia general de la campa\u00f1a que logr\u00f3 la reelecci\u00f3n este domingo para el per\u00edodo 2014 \u2013 2018 del presidente\u00a0 Juan Manuel Santos [&hellip;]<\/p>\n","protected":false},"author":1,"featured_media":0,"comment_status":"open","ping_status":"open","sticky":false,"template":"","format":"standard","meta":{"footnotes":""},"categories":[1],"tags":[],"class_list":["post-1408","post","type-post","status-publish","format-standard","hentry","category-entretenimiento"],"_links":{"self":[{"href":"https:\/\/2horizontes.com\/index.php?rest_route=\/wp\/v2\/posts\/1408","targetHints":{"allow":["GET"]}}],"collection":[{"href":"https:\/\/2horizontes.com\/index.php?rest_route=\/wp\/v2\/posts"}],"about":[{"href":"https:\/\/2horizontes.com\/index.php?rest_route=\/wp\/v2\/types\/post"}],"author":[{"embeddable":true,"href":"https:\/\/2horizontes.com\/index.php?rest_route=\/wp\/v2\/users\/1"}],"replies":[{"embeddable":true,"href":"https:\/\/2horizontes.com\/index.php?rest_route=%2Fwp%2Fv2%2Fcomments&post=1408"}],"version-history":[{"count":8,"href":"https:\/\/2horizontes.com\/index.php?rest_route=\/wp\/v2\/posts\/1408\/revisions"}],"predecessor-version":[{"id":1417,"href":"https:\/\/2horizontes.com\/index.php?rest_route=\/wp\/v2\/posts\/1408\/revisions\/1417"}],"wp:attachment":[{"href":"https:\/\/2horizontes.com\/index.php?rest_route=%2Fwp%2Fv2%2Fmedia&parent=1408"}],"wp:term":[{"taxonomy":"category","embeddable":true,"href":"https:\/\/2horizontes.com\/index.php?rest_route=%2Fwp%2Fv2%2Fcategories&post=1408"},{"taxonomy":"post_tag","embeddable":true,"href":"https:\/\/2horizontes.com\/index.php?rest_route=%2Fwp%2Fv2%2Ftags&post=1408"}],"curies":[{"name":"wp","href":"https:\/\/api.w.org\/{rel}","templated":true}]}}