{"id":14031,"date":"2015-06-27T16:45:44","date_gmt":"2015-06-27T15:45:44","guid":{"rendered":"http:\/\/2horizontes.com\/?p=14031"},"modified":"2015-06-27T16:45:44","modified_gmt":"2015-06-27T15:45:44","slug":"periodistas-de-san-cristobal-piden-al-gobierno-construya-parqueo-municipal","status":"publish","type":"post","link":"https:\/\/2horizontes.com\/?p=14031","title":{"rendered":"PERIODISTAS DE SAN CRISTOBAL PIDEN AL GOBIERNO CONSTRUYA PARQUEO MUNICIPAL"},"content":{"rendered":"<p><strong>SAN CRIST\u00d3BAL, Rep\u00fablica Dominicana.-una\u00a0comisi\u00f3n\u00a0de\u00a0<\/strong>\u00a0Periodistas reclaman del Gobierno la construcci\u00f3n de un Parqueo Municipal \u00a0por lo menos de una capacidad de \u00a0500 veh\u00edculos, para acabar con el caos y el desorden del tr\u00e1nsito en centro de la ciudad.<\/p>\n<p>Los miembro del Sindicato Nacional de de Trabajadores de la Prensa (SNTP) filial San Crist\u00f3bal, explicaron que el crecimiento vehicular est\u00e1 provocando un caos en el centro de la ciudad y los veh\u00edculos tienen que estar parque\u00e1ndose en lugares inadecuados.<\/p>\n<p>Se\u00f1alaron que el problema es tan grave que a diario se generan discusiones entre conductores, as\u00ed como choques, porque conseguir un parqueo es toda una odisea.<\/p>\n<p>William Alc\u00e1ntara junto a otros comunicadores sostuvieron que los choferes tambi\u00e9n obstruyen el paso de otros veh\u00edculos, debido a que no hay espacio, pero se parquean donde sea, generando un caos may\u00fasculo en la ciudad.<\/p>\n<p>Precisaron que el presidente Danilo Medina debe autorizar al Ministerio de Obras P\u00fablicas para realice los estudios correspondientes para la construcci\u00f3n del mismo lo que solucionar\u00eda un grave problema en el municipio.<\/p>\n<p>Los miembros del SNTP propusieron que la construcci\u00f3n puede ser con la modalidad de un pr\u00e9stamo bancario del Reservas y que podr\u00eda pagarse con los ingresos que genere el Parqueo .<\/p>\n","protected":false},"excerpt":{"rendered":"<p>SAN CRIST\u00d3BAL, Rep\u00fablica Dominicana.-una\u00a0comisi\u00f3n\u00a0de\u00a0\u00a0Periodistas reclaman del Gobierno la construcci\u00f3n de un Parqueo Municipal \u00a0por lo menos de una capacidad de \u00a0500 veh\u00edculos, para acabar con el caos y el desorden del tr\u00e1nsito en centro de la ciudad. Los miembro del Sindicato Nacional de de Trabajadores de la Prensa (SNTP) filial San Crist\u00f3bal, explicaron que el [&hellip;]<\/p>\n","protected":false},"author":9,"featured_media":14032,"comment_status":"open","ping_status":"open","sticky":false,"template":"","format":"standard","meta":{"footnotes":""},"categories":[53],"tags":[],"class_list":["post-14031","post","type-post","status-publish","format-standard","has-post-thumbnail","hentry","category-provincias"],"_links":{"self":[{"href":"https:\/\/2horizontes.com\/index.php?rest_route=\/wp\/v2\/posts\/14031","targetHints":{"allow":["GET"]}}],"collection":[{"href":"https:\/\/2horizontes.com\/index.php?rest_route=\/wp\/v2\/posts"}],"about":[{"href":"https:\/\/2horizontes.com\/index.php?rest_route=\/wp\/v2\/types\/post"}],"author":[{"embeddable":true,"href":"https:\/\/2horizontes.com\/index.php?rest_route=\/wp\/v2\/users\/9"}],"replies":[{"embeddable":true,"href":"https:\/\/2horizontes.com\/index.php?rest_route=%2Fwp%2Fv2%2Fcomments&post=14031"}],"version-history":[{"count":1,"href":"https:\/\/2horizontes.com\/index.php?rest_route=\/wp\/v2\/posts\/14031\/revisions"}],"predecessor-version":[{"id":14033,"href":"https:\/\/2horizontes.com\/index.php?rest_route=\/wp\/v2\/posts\/14031\/revisions\/14033"}],"wp:featuredmedia":[{"embeddable":true,"href":"https:\/\/2horizontes.com\/index.php?rest_route=\/wp\/v2\/media\/14032"}],"wp:attachment":[{"href":"https:\/\/2horizontes.com\/index.php?rest_route=%2Fwp%2Fv2%2Fmedia&parent=14031"}],"wp:term":[{"taxonomy":"category","embeddable":true,"href":"https:\/\/2horizontes.com\/index.php?rest_route=%2Fwp%2Fv2%2Fcategories&post=14031"},{"taxonomy":"post_tag","embeddable":true,"href":"https:\/\/2horizontes.com\/index.php?rest_route=%2Fwp%2Fv2%2Ftags&post=14031"}],"curies":[{"name":"wp","href":"https:\/\/api.w.org\/{rel}","templated":true}]}}