{"id":14022,"date":"2015-06-27T16:19:51","date_gmt":"2015-06-27T15:19:51","guid":{"rendered":"http:\/\/2horizontes.com\/?p=14022"},"modified":"2015-06-27T16:19:51","modified_gmt":"2015-06-27T15:19:51","slug":"aplazan-por-segunda-vez-audiencia-en-contra-del-alcalde-de-san-cristobal-raul-mondesi","status":"publish","type":"post","link":"https:\/\/2horizontes.com\/?p=14022","title":{"rendered":"APLAZAN POR SEGUNDA VEZ AUDIENCIA EN CONTRA DEL ALCALDE DE SAN CRISTOBAL RAUL MONDESI"},"content":{"rendered":"<div><b>SAN CRISTOBAL,-Rep\u00fablica<\/b><b>\u00a0Dominicana.-El pasado viernes, la\u00a0<\/b>\u00a0jueza de la instrucci\u00f3n especial de la C\u00e1mara Penal de la Corte de Apelaci\u00f3n de la provincia de San Crist\u00f3bal aplaz\u00f3 para el 17 de julio la audiencia donde se conocer\u00e1 la solicitud de medida contra el alcalde de este municipio, Ra\u00fal\u00a0Mondes\u00ed \u00a0junto a \u00a0otros\u00a0 empleados del ayuntamiento acusados de malversar m\u00e1s de 300 millones de pesos.<\/div>\n<div>La\u00a0decisi\u00f3n\u00a0fue tomada por la magistrada Luz del Carmen Matos D\u00edaz,\u00a0a los fines de que\u00a0el abogado de uno de los imputados tome conocimiento de la acusaci\u00f3n presentada por el Ministerio P\u00fablico.<\/div>\n<div><\/div>\n<div>\n<div>La solicitud\u00a0al tribunal\u00a0de aplazamiento de la audiencia fue efectuada por el abogado del imputado Pedro Cordero Valverde, contador del ayuntamiento, a fines de tomar conocimiento de la pieza acusatoria y preparar su medio de defensa.<\/div>\n<div>Ser\u00e1n procesados Bienvenido Araujo Japa, secretario general del ayuntamiento; Antonio de Jes\u00fas Ferreira Guzm\u00e1n tesorero municipal y Edward\u00a0 Vianelo Pontier, tambi\u00e9n empleado de la alcald\u00eda.<\/div>\n<\/div>\n","protected":false},"excerpt":{"rendered":"<p>SAN CRISTOBAL,-Rep\u00fablica\u00a0Dominicana.-El pasado viernes, la\u00a0\u00a0jueza de la instrucci\u00f3n especial de la C\u00e1mara Penal de la Corte de Apelaci\u00f3n de la provincia de San Crist\u00f3bal aplaz\u00f3 para el 17 de julio la audiencia donde se conocer\u00e1 la solicitud de medida contra el alcalde de este municipio, Ra\u00fal\u00a0Mondes\u00ed \u00a0junto a \u00a0otros\u00a0 empleados del ayuntamiento acusados de malversar [&hellip;]<\/p>\n","protected":false},"author":9,"featured_media":14027,"comment_status":"open","ping_status":"open","sticky":false,"template":"","format":"standard","meta":{"footnotes":""},"categories":[1,53],"tags":[],"class_list":["post-14022","post","type-post","status-publish","format-standard","has-post-thumbnail","hentry","category-entretenimiento","category-provincias"],"_links":{"self":[{"href":"https:\/\/2horizontes.com\/index.php?rest_route=\/wp\/v2\/posts\/14022","targetHints":{"allow":["GET"]}}],"collection":[{"href":"https:\/\/2horizontes.com\/index.php?rest_route=\/wp\/v2\/posts"}],"about":[{"href":"https:\/\/2horizontes.com\/index.php?rest_route=\/wp\/v2\/types\/post"}],"author":[{"embeddable":true,"href":"https:\/\/2horizontes.com\/index.php?rest_route=\/wp\/v2\/users\/9"}],"replies":[{"embeddable":true,"href":"https:\/\/2horizontes.com\/index.php?rest_route=%2Fwp%2Fv2%2Fcomments&post=14022"}],"version-history":[{"count":1,"href":"https:\/\/2horizontes.com\/index.php?rest_route=\/wp\/v2\/posts\/14022\/revisions"}],"predecessor-version":[{"id":14030,"href":"https:\/\/2horizontes.com\/index.php?rest_route=\/wp\/v2\/posts\/14022\/revisions\/14030"}],"wp:featuredmedia":[{"embeddable":true,"href":"https:\/\/2horizontes.com\/index.php?rest_route=\/wp\/v2\/media\/14027"}],"wp:attachment":[{"href":"https:\/\/2horizontes.com\/index.php?rest_route=%2Fwp%2Fv2%2Fmedia&parent=14022"}],"wp:term":[{"taxonomy":"category","embeddable":true,"href":"https:\/\/2horizontes.com\/index.php?rest_route=%2Fwp%2Fv2%2Fcategories&post=14022"},{"taxonomy":"post_tag","embeddable":true,"href":"https:\/\/2horizontes.com\/index.php?rest_route=%2Fwp%2Fv2%2Ftags&post=14022"}],"curies":[{"name":"wp","href":"https:\/\/api.w.org\/{rel}","templated":true}]}}