{"id":14000,"date":"2015-06-27T13:12:54","date_gmt":"2015-06-27T12:12:54","guid":{"rendered":"http:\/\/2horizontes.com\/?p=14000"},"modified":"2015-06-27T13:12:54","modified_gmt":"2015-06-27T12:12:54","slug":"rechazan-investigacion-a-militares-tras-ataque-de-farc-en-el-cauca","status":"publish","type":"post","link":"https:\/\/2horizontes.com\/?p=14000","title":{"rendered":"Rechazan investigaci\u00f3n a militares tras ataque de Farc en el Cauca"},"content":{"rendered":"<p>\u00abEs injusto que a mi esposo y al cabo Carvajal les abran investigaciones, acus\u00e1ndolos de lo que hizo la guerrilla\u201d. Indignada habla Catalina S\u00e1nchez, pareja del sargento viceprimero Rodolfo D\u00edaz Donoso, investigado con el cabo Alfonso Carvajal Cuadros por presunto homicidio, lesiones personales, peculado culposo y desobediencia en relaci\u00f3n con el ataque de las Farc el 14 de abril, en la vereda La Esperanza de Buenos Aires (Cauca), donde murieron 10 militares.<\/p>\n<p>&nbsp;<\/p>\n<p>La se\u00f1ora dice que su esposo est\u00e1 an\u00edmicamente afectado y rechaza el se\u00f1alamiento del homicidio de los 10 militares en ese ataque y 21 heridos, porque son miembros del Ej\u00e9rcito al que el sargento viceprimero se sent\u00eda orgulloso de pertenecer. Reitera que no es posible que los acusen a ambos de lo que las Farc son responsables.<\/p>\n<p>\u201cMi esposo fue uno de esos heridos. Es injusto\u201d, repite.<\/p>\n<p>En cuanto a los dem\u00e1s delitos que tendr\u00edan que ver con que el sargento viceprimero y el cabo Carvajal habr\u00edan ocultado documentos o faltado a la verdad a la hora de rendir informes a sus superiores sobre lo ocurrido, la se\u00f1ora insisti\u00f3 en que el sargento es inocente.<\/p>\n<p>La semana pasada, cuando D\u00edaz y Carvajal fueron detenidos, de manera preventiva, en el batall\u00f3n Agust\u00edn Codazzi, de Palmira, luego de comparecer ante la jueza 52 de instrucci\u00f3n criminal, Eliana Figueroa, all\u00ed lleg\u00f3 Carolina \u00c1vila. Ella es la esposa del cabo primero W\u00edlder Aguilar, un antioque\u00f1o de 28 a\u00f1os, quien hace un mes despert\u00f3 despu\u00e9s de un trauma neurol\u00f3gico que lo mantuvo inconsciente.<\/p>\n<p>La tolimense, de 24 a\u00f1os, lleg\u00f3 al batall\u00f3n Agust\u00edn Codazzi, para conocer la situaci\u00f3n y porque le llegaron versiones de que su esposo tambi\u00e9n podr\u00eda ser investigado por ser otro suboficial, poniendo en riesgo su situaci\u00f3n jur\u00eddica y la pensi\u00f3n. \u00c1vila se uni\u00f3 al clamor de la esposa del sargento viceprimero D\u00edaz al asegurar que \u201ctodo lo que se ha dicho de ellos (los detenidos) no es as\u00ed.<\/p>\n<p>Ellos estaban en el polideportivo esperando el abastecimiento de provisiones. \u201cEllos no son culpables. El que mandaba muri\u00f3 y no se puede defender tampoco\u201d. La se\u00f1ora anota que \u201chay que hablar porque no es justo; los est\u00e1n encochinando\u201d. A\u00f1ade que \u201cla gente debe darse cuenta de la situaci\u00f3n que viven los soldados y suboficiales. Los suboficiales son la carnada de las Farc\u201d.<\/p>\n<p>En la actualidad, el cabo primero Aguilar a\u00fan permanece recluido en una instituci\u00f3n asistencial en el sur de Cali, luego de haber sido atendido inicialmente en la unidad de cuidados intensivos de la Fundaci\u00f3n Valle del Lili, tambi\u00e9n en el sur de la capital vallecaucana.<\/p>\n<p>Desde el 2007, Aguilar se vincul\u00f3 al Ej\u00e9rcito porque ese era su sue\u00f1o desde que cumpli\u00f3 los 18 a\u00f1os.<\/p>\n<p>CALI<\/p>\n","protected":false},"excerpt":{"rendered":"<p>\u00abEs injusto que a mi esposo y al cabo Carvajal les abran investigaciones, acus\u00e1ndolos de lo que hizo la guerrilla\u201d. Indignada habla Catalina S\u00e1nchez, pareja del sargento viceprimero Rodolfo D\u00edaz Donoso, investigado con el cabo Alfonso Carvajal Cuadros por presunto homicidio, lesiones personales, peculado culposo y desobediencia en relaci\u00f3n con el ataque de las Farc [&hellip;]<\/p>\n","protected":false},"author":7,"featured_media":14009,"comment_status":"open","ping_status":"open","sticky":false,"template":"","format":"standard","meta":{"footnotes":""},"categories":[50,40],"tags":[],"class_list":["post-14000","post","type-post","status-publish","format-standard","has-post-thumbnail","hentry","category-colombia","category-internacionales"],"_links":{"self":[{"href":"https:\/\/2horizontes.com\/index.php?rest_route=\/wp\/v2\/posts\/14000","targetHints":{"allow":["GET"]}}],"collection":[{"href":"https:\/\/2horizontes.com\/index.php?rest_route=\/wp\/v2\/posts"}],"about":[{"href":"https:\/\/2horizontes.com\/index.php?rest_route=\/wp\/v2\/types\/post"}],"author":[{"embeddable":true,"href":"https:\/\/2horizontes.com\/index.php?rest_route=\/wp\/v2\/users\/7"}],"replies":[{"embeddable":true,"href":"https:\/\/2horizontes.com\/index.php?rest_route=%2Fwp%2Fv2%2Fcomments&post=14000"}],"version-history":[{"count":1,"href":"https:\/\/2horizontes.com\/index.php?rest_route=\/wp\/v2\/posts\/14000\/revisions"}],"predecessor-version":[{"id":14010,"href":"https:\/\/2horizontes.com\/index.php?rest_route=\/wp\/v2\/posts\/14000\/revisions\/14010"}],"wp:featuredmedia":[{"embeddable":true,"href":"https:\/\/2horizontes.com\/index.php?rest_route=\/wp\/v2\/media\/14009"}],"wp:attachment":[{"href":"https:\/\/2horizontes.com\/index.php?rest_route=%2Fwp%2Fv2%2Fmedia&parent=14000"}],"wp:term":[{"taxonomy":"category","embeddable":true,"href":"https:\/\/2horizontes.com\/index.php?rest_route=%2Fwp%2Fv2%2Fcategories&post=14000"},{"taxonomy":"post_tag","embeddable":true,"href":"https:\/\/2horizontes.com\/index.php?rest_route=%2Fwp%2Fv2%2Ftags&post=14000"}],"curies":[{"name":"wp","href":"https:\/\/api.w.org\/{rel}","templated":true}]}}