{"id":13981,"date":"2015-06-27T12:18:51","date_gmt":"2015-06-27T11:18:51","guid":{"rendered":"http:\/\/2horizontes.com\/?p=13981"},"modified":"2015-06-27T12:37:34","modified_gmt":"2015-06-27T11:37:34","slug":"el-vaticano-anuncia-la-firma-de-un-acuerdo-con-el-estado-de-palestina","status":"publish","type":"post","link":"https:\/\/2horizontes.com\/?p=13981","title":{"rendered":"El Vaticano anuncia la firma de un acuerdo con \u00abel Estado de Palestina\u00bb"},"content":{"rendered":"<div id=\"ArticleAuthorDiv\" class=\"article-body-author\"><b>EFE<\/b><\/div>\n<div id=\"ArticleSourceDiv\" class=\"article-body-author\"><b>Ciudad del Vaticano<\/b><\/div>\n<div id=\"ArticleBody\">\n<p>El Vaticano y \u00abel Estado de Palestina\u00bb firmaron un acuerdo que \u00abtrata de los aspectos esenciales\u00bb de la actividad de la Iglesia cat\u00f3lica en el territorio palestino, inform\u00f3 la Santa Sede.<\/p>\n<p>El texto, como adelant\u00f3 el Vaticano el pasado 13 de mayo, se apoya en la soluci\u00f3n de \u00abdos Estados\u00bb para el conflicto con Israel y del que entonces dijo que podr\u00eda ayudar al reconocimiento de una Palestina \u00abindependiente\u00bb.<\/p>\n<p>El acuerdo, se reiter\u00f3 hoy, \u00abreafirma el apoyo a una soluci\u00f3n negociada y pac\u00edfica de la situaci\u00f3n en la regi\u00f3n\u00bb.<\/p>\n<p>El texto da seguimiento al Acuerdo de Base que firmaron la Santa Sede y la Organizaci\u00f3n para la Liberaci\u00f3n de Palestina (OLP) el 15 de febrero de 2000 y \u00abes el resultado de las negociaciones desarrolladas por la comisi\u00f3n de trabajo bilateral durante los \u00faltimos a\u00f1os\u00bb, seg\u00fan un comunicado de la Santa Sede.<\/p>\n<p>Por parte del Vaticano firm\u00f3 el acuerdo el arzobispo Paul Gallagher, secretario de Relaciones con los Estados, mientras que por el lado palestino lo hizo el ministro de Asuntos Exteriores, Riad al Malki.<\/p>\n<p>Gallagher destac\u00f3 en un discurso distribuido por el Vaticano que \u00aben contraste con el acuerdo anterior, \u00e9ste se firma entre la Santa Sede y el Estado de Palestina\u00bb.<\/p>\n<p>\u00abEso indica el progreso hecho por la Autoridad Palestina en los \u00faltimos a\u00f1os y sobre todo el nivel de apoyo internacional, que culmin\u00f3 con la resoluci\u00f3n de la Asamblea General de las Naciones Unidas el 29 de noviembre de 2012, que reconoci\u00f3 a Palestina como Estado observador no miembro de las Naciones Unidas\u00bb, agreg\u00f3.<\/p>\n<p>El arzobispo expres\u00f3 su deseo de que este acuerdo \u00abpueda de alguna manera ser un est\u00edmulo para acabar con el prolongado conflicto palestino-israel\u00ed (&#8230;) tambi\u00e9n espero que la muy deseada soluci\u00f3n de dos Estados se convierta en una realidad lo m\u00e1s pronto posible\u00bb.<\/p>\n<p>Por su parte, el titular de Exteriores palestino destac\u00f3 el car\u00e1cter \u00abhist\u00f3rico\u00bb del acuerdo, que \u00abpor primera vez incluye el reconocimiento oficial de la Santa Sede de Palestina como un Estado\u00bb.<\/p>\n<p>Y que adem\u00e1s supone \u00abel reconocimiento del derecho del pueblo de Palestina a la autodeterminaci\u00f3n, libertad y dignidad en un estado independiente, libre de las trabas de la ocupaci\u00f3n\u00bb.<\/p>\n<p>Al Malki record\u00f3 que en el acuerdo se destaca \u00abel estatuto especial de Palestina como cuna de la cristiandad y de la religiones monote\u00edstas\u00bb y que el estado palestino \u00abreitera su compromiso con el combate contra el extremismo\u00bb.<\/p>\n<p>A\u00f1adi\u00f3, como subray\u00f3 tambi\u00e9n Gallagher al hablar del \u00e1mbito del texto firmado hoy, que el acuerdo afecta a los \u00abderechos, privilegios, inmunidades y libre acceso\u00bb de la Iglesia cat\u00f3lica en territorio palestino.<\/p>\n<p>El acuerdo entre el Vaticano y el Estado Palestino sigue efectivamente al que la Santa Sede alcanz\u00f3 en 2000 con la OLP, aunque las relaciones oficiales entre ambas partes se establecieron ya el 26 de octubre de 1994.<\/p>\n<p>Las negociaciones se reanudaron despu\u00e9s de 2010 y han tenido como consecuencia el acuerdo firmado hoy.<\/p>\n<p>El \u00f3rgano oficial del Vaticano, \u00abL&#8217;Osservatore Romano\u00bb, subray\u00f3 como \u00abpuntos clave\u00bb del acuerdo la autodeterminaci\u00f3n, el objetivo de la soluci\u00f3n de los dos Estados, el \u00absignificado no solo simb\u00f3lico de Jerusal\u00e9n, su car\u00e1cter sagrado para hebreos, cristianos y musulmanes\u00bb y los intereses de la Santa Sede en Tierra Santa.<\/p>\n<p>En un art\u00edculo firmado por Vincenzo Buonomo, profesor de Derecho Internacional en la Pontificia Universidad Lateranense, el peri\u00f3dico destaca que el acuerdo regula aspectos del funcionamiento de la Iglesia cat\u00f3lica en Palestina, como el r\u00e9gimen fiscal de sus propiedades o la exenci\u00f3n de servicios personales, como el militar, para su personal.<\/p>\n<p>Adem\u00e1s, afecta a los lugares santos y confirma que el concepto de \u00absantidad\u00bb es \u00abfuente de obligaciones para la autoridad civil\u00bb en relaci\u00f3n con la \u00abautoridad y jurisdicci\u00f3n can\u00f3nica\u00bb de la Iglesia cat\u00f3lica.<\/p>\n<p>Buonomo menciona que este aspecto se relaciona adem\u00e1s \u00abcon la libertad de culto y todas las garant\u00edas necesarias para las peregrinaciones y las instalaciones de acogida de los peregrinos\u00bb a Tierra Santa.<\/p>\n<\/div>\n","protected":false},"excerpt":{"rendered":"<p>EFE Ciudad del Vaticano El Vaticano y \u00abel Estado de Palestina\u00bb firmaron un acuerdo que \u00abtrata de los aspectos esenciales\u00bb de la actividad de la Iglesia cat\u00f3lica en el territorio palestino, inform\u00f3 la Santa Sede. El texto, como adelant\u00f3 el Vaticano el pasado 13 de mayo, se apoya en la soluci\u00f3n de \u00abdos Estados\u00bb para [&hellip;]<\/p>\n","protected":false},"author":7,"featured_media":13982,"comment_status":"open","ping_status":"open","sticky":false,"template":"","format":"standard","meta":{"footnotes":""},"categories":[40],"tags":[],"class_list":["post-13981","post","type-post","status-publish","format-standard","has-post-thumbnail","hentry","category-internacionales"],"_links":{"self":[{"href":"https:\/\/2horizontes.com\/index.php?rest_route=\/wp\/v2\/posts\/13981","targetHints":{"allow":["GET"]}}],"collection":[{"href":"https:\/\/2horizontes.com\/index.php?rest_route=\/wp\/v2\/posts"}],"about":[{"href":"https:\/\/2horizontes.com\/index.php?rest_route=\/wp\/v2\/types\/post"}],"author":[{"embeddable":true,"href":"https:\/\/2horizontes.com\/index.php?rest_route=\/wp\/v2\/users\/7"}],"replies":[{"embeddable":true,"href":"https:\/\/2horizontes.com\/index.php?rest_route=%2Fwp%2Fv2%2Fcomments&post=13981"}],"version-history":[{"count":1,"href":"https:\/\/2horizontes.com\/index.php?rest_route=\/wp\/v2\/posts\/13981\/revisions"}],"predecessor-version":[{"id":13983,"href":"https:\/\/2horizontes.com\/index.php?rest_route=\/wp\/v2\/posts\/13981\/revisions\/13983"}],"wp:featuredmedia":[{"embeddable":true,"href":"https:\/\/2horizontes.com\/index.php?rest_route=\/wp\/v2\/media\/13982"}],"wp:attachment":[{"href":"https:\/\/2horizontes.com\/index.php?rest_route=%2Fwp%2Fv2%2Fmedia&parent=13981"}],"wp:term":[{"taxonomy":"category","embeddable":true,"href":"https:\/\/2horizontes.com\/index.php?rest_route=%2Fwp%2Fv2%2Fcategories&post=13981"},{"taxonomy":"post_tag","embeddable":true,"href":"https:\/\/2horizontes.com\/index.php?rest_route=%2Fwp%2Fv2%2Ftags&post=13981"}],"curies":[{"name":"wp","href":"https:\/\/api.w.org\/{rel}","templated":true}]}}