{"id":13975,"date":"2015-06-27T12:08:10","date_gmt":"2015-06-27T11:08:10","guid":{"rendered":"http:\/\/2horizontes.com\/?p=13975"},"modified":"2015-06-27T12:08:10","modified_gmt":"2015-06-27T11:08:10","slug":"operan-de-emergencia-al-presidente-de-mexico-pena-nieto-de-la-vesicula-biliar","status":"publish","type":"post","link":"https:\/\/2horizontes.com\/?p=13975","title":{"rendered":"Operan de emergencia al presidente de M\u00e9xico Pe\u00f1a Nieto de la ves\u00edcula biliar"},"content":{"rendered":"<div id=\"ArticleAuthorDiv\" class=\"article-body-author\"><b>EFE<\/b><\/div>\n<div id=\"ArticleSourceDiv\" class=\"article-body-author\"><b>M\u00e9xico<\/b><\/div>\n<div id=\"ArticleBody\">\n<p>El presidente de M\u00e9xico, Enrique Pe\u00f1a Nieto, fue operado el viernes para extraerle la ves\u00edcula biliar despu\u00e9s de \u00absufrir un malestar f\u00edsico\u00bb durante la madrugada y \u00abla evaluaci\u00f3n postoperatoria ha sido muy favorable\u00bb, inform\u00f3 la Presidencia mexicana en un comunicado.<\/p>\n<p>Pe\u00f1a Nieto \u00absufri\u00f3 un malestar f\u00edsico, por lo que acudi\u00f3 al Hospital Central Militar, donde a las 07.30 hora local (12.30 GMT) fue intervenido quir\u00fargicamente con el prop\u00f3sito de extraerle la ves\u00edcula biliar\u00bb, un procedimiento que dur\u00f3 cerca de una hora y \u00abse llev\u00f3 a cabo exitosamente\u00bb.<\/p>\n<\/div>\n<div><\/div>\n<p>&nbsp;<\/p>\n","protected":false},"excerpt":{"rendered":"<p>EFE M\u00e9xico El presidente de M\u00e9xico, Enrique Pe\u00f1a Nieto, fue operado el viernes para extraerle la ves\u00edcula biliar despu\u00e9s de \u00absufrir un malestar f\u00edsico\u00bb durante la madrugada y \u00abla evaluaci\u00f3n postoperatoria ha sido muy favorable\u00bb, inform\u00f3 la Presidencia mexicana en un comunicado. Pe\u00f1a Nieto \u00absufri\u00f3 un malestar f\u00edsico, por lo que acudi\u00f3 al Hospital Central [&hellip;]<\/p>\n","protected":false},"author":7,"featured_media":13976,"comment_status":"open","ping_status":"open","sticky":false,"template":"","format":"standard","meta":{"footnotes":""},"categories":[40,43],"tags":[],"class_list":["post-13975","post","type-post","status-publish","format-standard","has-post-thumbnail","hentry","category-internacionales","category-politica"],"_links":{"self":[{"href":"https:\/\/2horizontes.com\/index.php?rest_route=\/wp\/v2\/posts\/13975","targetHints":{"allow":["GET"]}}],"collection":[{"href":"https:\/\/2horizontes.com\/index.php?rest_route=\/wp\/v2\/posts"}],"about":[{"href":"https:\/\/2horizontes.com\/index.php?rest_route=\/wp\/v2\/types\/post"}],"author":[{"embeddable":true,"href":"https:\/\/2horizontes.com\/index.php?rest_route=\/wp\/v2\/users\/7"}],"replies":[{"embeddable":true,"href":"https:\/\/2horizontes.com\/index.php?rest_route=%2Fwp%2Fv2%2Fcomments&post=13975"}],"version-history":[{"count":1,"href":"https:\/\/2horizontes.com\/index.php?rest_route=\/wp\/v2\/posts\/13975\/revisions"}],"predecessor-version":[{"id":13977,"href":"https:\/\/2horizontes.com\/index.php?rest_route=\/wp\/v2\/posts\/13975\/revisions\/13977"}],"wp:featuredmedia":[{"embeddable":true,"href":"https:\/\/2horizontes.com\/index.php?rest_route=\/wp\/v2\/media\/13976"}],"wp:attachment":[{"href":"https:\/\/2horizontes.com\/index.php?rest_route=%2Fwp%2Fv2%2Fmedia&parent=13975"}],"wp:term":[{"taxonomy":"category","embeddable":true,"href":"https:\/\/2horizontes.com\/index.php?rest_route=%2Fwp%2Fv2%2Fcategories&post=13975"},{"taxonomy":"post_tag","embeddable":true,"href":"https:\/\/2horizontes.com\/index.php?rest_route=%2Fwp%2Fv2%2Ftags&post=13975"}],"curies":[{"name":"wp","href":"https:\/\/api.w.org\/{rel}","templated":true}]}}