{"id":1397,"date":"2014-06-15T17:33:16","date_gmt":"2014-06-15T17:33:16","guid":{"rendered":"http:\/\/2horizontes.com\/?p=1397"},"modified":"2014-06-15T17:36:30","modified_gmt":"2014-06-15T17:36:30","slug":"reportan-aparicion-de-enfermedad-chikungunya-en-el-salvador","status":"publish","type":"post","link":"https:\/\/2horizontes.com\/?p=1397","title":{"rendered":"Reportan aparici\u00f3n de enfermedad chikungunya en El Salvador"},"content":{"rendered":"<div id=\"ArticleSourceDiv\" class=\"article-body-author\" style=\"margin-top: 0;\">\n<div id=\"attachment_1398\" style=\"width: 310px\" class=\"wp-caption alignleft\"><a href=\"http:\/\/2horizontes.com\/wp-content\/uploads\/2014\/06\/chinkinkuya.jpg\"><img loading=\"lazy\" decoding=\"async\" aria-describedby=\"caption-attachment-1398\" class=\"wp-image-1398 size-medium\" src=\"http:\/\/2horizontes.com\/wp-content\/uploads\/2014\/06\/chinkinkuya-300x204.jpg\" alt=\"chinkinkuya\" width=\"300\" height=\"204\" srcset=\"https:\/\/2horizontes.com\/wp-content\/uploads\/2014\/06\/chinkinkuya-300x204.jpg 300w, https:\/\/2horizontes.com\/wp-content\/uploads\/2014\/06\/chinkinkuya.jpg 473w\" sizes=\"auto, (max-width: 300px) 100vw, 300px\" \/><\/a><p id=\"caption-attachment-1398\" class=\"wp-caption-text\">Fuente Externa.<\/p><\/div>\n<p><b><b>AFP. San Salvador.-<\/b><\/b>Las autoridades sanitarias de El Salvador confirmaron este s\u00e1bado, tras pruebas de laboratorio locales, la aparici\u00f3n en el pa\u00eds de la enfermedad llamada chikungunya, que causa s\u00edntomas similares al dengue.<\/p>\n<\/div>\n<div id=\"ArticleBody\" style=\"margin-top: 10px;\">\n<p>\u00abEn nuestro pa\u00eds ha aparecido la fiebre de Chikungunya\u00bb, asegur\u00f3 la ministra de Salud, Violeta Menj\u00edvar, en una entrevista en el estatal Canal 10 de televisi\u00f3n.<\/p>\n<p>Menj\u00edvar a\u00f1adi\u00f3 que est\u00e1n trabajando \u00abdesde ya\u00bb para \u00abla vigilancia epidemiol\u00f3gica y para el tratamiento de los pacientes que lo tienen\u00bb.<\/p>\n<p>Menj\u00edvar se\u00f1al\u00f3 que al menos 1.200 personas \u00abtienen historia (cl\u00ednica)\u00bb registrada de padecer la enfermedad.<\/p>\n<p>No obstante, el ministerio de Salud (Minsal) aclar\u00f3 que, por protocolo cl\u00ednico, las pruebas efectuadas por sus laboratorios y que han dado positivo a la enfermedad \u00abdeben de ser confirmadas\u00bb en el Centro de Control de Enfermedades de Atlanta (Estados Unidos).<\/p>\n<p>La ministra de Salud explic\u00f3 que el chikungunya \u00abes una enfermedad nueva en nuestro pa\u00eds que es muy parecida al dengue\u00bb.<\/p>\n<p>La funcionaria a\u00f1adi\u00f3 que los casos de chikungunya detectados por el Minsal han sido hallados en el llamado Cant\u00f3n El Zapote Abajo, en las afueras de la ciudad de Ayutuxtepeque, en la periferia norte de la capital, San Salvador.<\/p>\n<p>En esa zona, infect\u00f3logos y epidemi\u00f3logos del Minsal detectaron a finales de mayo pasado el brote de una rara enfermedad viral con fiebres y erupciones en la piel la cual, seg\u00fan una encuesta que levantaron los especialistas en el lugar, padecieron al menos 181 personas.<\/p>\n<p>Menj\u00edvar a\u00f1adi\u00f3 que, adem\u00e1s de en Ayutuxtepeque, se han detectado casos sospechosos de la enfermedad viral en habitantes en las ciudades de Mejicanos y Apopa, tambi\u00e9n en la periferia norte de San Salvador.<\/p>\n<p>El mosquito transmisor de la chikungunya es el mismo que transmite el dengue, el &#8216;aedes aegypti&#8217;, por lo que el ministerio de Salud pidi\u00f3 a la poblaci\u00f3n \u00abeliminar los criaderos\u00bb del vector en sus hogares.<\/p>\n<p>La chikungunya fue identificada por primera vez en Tanzania hace 60 a\u00f1os y en \u00c1frica es end\u00e9mica. Tambi\u00e9n se extendi\u00f3 a Asia, al sur de Europa (con un brote en 2007 en Italia y otro en el sur de Francia en 2010) y lleg\u00f3 al Caribe en 2013, con casos en Martinica y San Mart\u00edn.<\/p>\n<p>Menj\u00edvar indic\u00f3 que la chikungunya produce s\u00edntomas similares al dengue, como fiebres altas, dolor de articulaciones y una especie de \u00abrash\u00bb (sarpullido) en la piel.<\/p>\n<p>Por ser viral, a las personas \u00fanicamente se les puede tratar con medicamentos como el acetaminof\u00e9n y no<\/p>\n<\/div>\n","protected":false},"excerpt":{"rendered":"<p>AFP. San Salvador.-Las autoridades sanitarias de El Salvador confirmaron este s\u00e1bado, tras pruebas de laboratorio locales, la aparici\u00f3n en el pa\u00eds de la enfermedad llamada chikungunya, que causa s\u00edntomas similares al dengue. \u00abEn nuestro pa\u00eds ha aparecido la fiebre de Chikungunya\u00bb, asegur\u00f3 la ministra de Salud, Violeta Menj\u00edvar, en una entrevista en el estatal Canal [&hellip;]<\/p>\n","protected":false},"author":1,"featured_media":0,"comment_status":"open","ping_status":"open","sticky":false,"template":"","format":"standard","meta":{"footnotes":""},"categories":[1],"tags":[],"class_list":["post-1397","post","type-post","status-publish","format-standard","hentry","category-entretenimiento"],"_links":{"self":[{"href":"https:\/\/2horizontes.com\/index.php?rest_route=\/wp\/v2\/posts\/1397","targetHints":{"allow":["GET"]}}],"collection":[{"href":"https:\/\/2horizontes.com\/index.php?rest_route=\/wp\/v2\/posts"}],"about":[{"href":"https:\/\/2horizontes.com\/index.php?rest_route=\/wp\/v2\/types\/post"}],"author":[{"embeddable":true,"href":"https:\/\/2horizontes.com\/index.php?rest_route=\/wp\/v2\/users\/1"}],"replies":[{"embeddable":true,"href":"https:\/\/2horizontes.com\/index.php?rest_route=%2Fwp%2Fv2%2Fcomments&post=1397"}],"version-history":[{"count":2,"href":"https:\/\/2horizontes.com\/index.php?rest_route=\/wp\/v2\/posts\/1397\/revisions"}],"predecessor-version":[{"id":1400,"href":"https:\/\/2horizontes.com\/index.php?rest_route=\/wp\/v2\/posts\/1397\/revisions\/1400"}],"wp:attachment":[{"href":"https:\/\/2horizontes.com\/index.php?rest_route=%2Fwp%2Fv2%2Fmedia&parent=1397"}],"wp:term":[{"taxonomy":"category","embeddable":true,"href":"https:\/\/2horizontes.com\/index.php?rest_route=%2Fwp%2Fv2%2Fcategories&post=1397"},{"taxonomy":"post_tag","embeddable":true,"href":"https:\/\/2horizontes.com\/index.php?rest_route=%2Fwp%2Fv2%2Ftags&post=1397"}],"curies":[{"name":"wp","href":"https:\/\/api.w.org\/{rel}","templated":true}]}}