{"id":13957,"date":"2015-06-27T11:41:44","date_gmt":"2015-06-27T10:41:44","guid":{"rendered":"http:\/\/2horizontes.com\/?p=13957"},"modified":"2015-06-27T11:41:44","modified_gmt":"2015-06-27T10:41:44","slug":"amplia-ausencia-de-presidentes-en-reunion-para-tratar-temas-migratorios","status":"publish","type":"post","link":"https:\/\/2horizontes.com\/?p=13957","title":{"rendered":"Amplia ausencia de presidentes en reuni\u00f3n para tratar temas migratorios"},"content":{"rendered":"<div id=\"ArticleAuthorDiv\" class=\"article-body-author\"><b>(AP)<\/b><\/div>\n<div id=\"ArticleSourceDiv\" class=\"article-body-author\"><b>Antigua<\/b><\/div>\n<div id=\"ArticleBody\">\n<p>Los presidentes centroamericanos se reunieron en la ciudad de Antigua Guatemala para tratar temas migratorios, econ\u00f3micos y de seguridad de la regi\u00f3n. \u00a0Por su parte, el presidente Enrique Pe\u00f1a Nieto no pudo viajar debido a una operaci\u00f3n de ves\u00edcula a la que fue sometido de emergencia, inform\u00f3 la presidencia mexicana.<\/p>\n<p>El encuentro, en el que se ten\u00eda prevista la presencia de los presidentes de Colombia y M\u00e9xico, se vio reducido debido a la cancelaci\u00f3n de ambos mandatarios y a la ausencia tambi\u00e9n de los gobernantes de Nicaragua, Costa Rica, Belice y Panam\u00e1.<\/p>\n<p>La reuni\u00f3n del sistema de integraci\u00f3n regional (SICA) cont\u00f3 con la participaci\u00f3n de los presidentes Danilo Medina de Rep\u00fablica Dominica, Juan Orlando Hern\u00e1ndez de Honduras, Otto P\u00e9rez Molina de Guatemala y Salvador S\u00e1nchez Cer\u00e9n de El Salvador. Se hizo entrega de la presidencia pro t\u00e9mpore del bloque de Guatemala a El Salvador para los pr\u00f3ximos seis meses.<\/p>\n<p>En los discursos de inauguraci\u00f3n, Medina pidi\u00f3 la palabra para hacer referencia a la situaci\u00f3n migratoria de miles de haitianos en su pa\u00eds, dijo tambi\u00e9n que Rep\u00fablica Dominicana tiene derecho a documentar el flujo de migrantes y neg\u00f3 que \u00e9sta tenga problemas de racismo y discriminaci\u00f3n. Medina advirti\u00f3 que no van a permitir que contin\u00fae lo que llam\u00f3 \u201ccampa\u00f1a sucia y de descr\u00e9dito\u201d sobre su pa\u00eds.<\/p>\n<p><strong>Santos cancel\u00f3<\/strong><br \/>\nEl presidente colombiano Juan Manuel Santos cancel\u00f3 el viaje para ponerse al frente de la grave crisis ambiental que atraviesa un puerto sobre el Pac\u00edfico luego de un ataque de las FARC a un oleoducto, informaron la presidencia de Colombia y la canciller\u00eda guatemalteca.<\/p>\n<p>Ambos mandatarios hab\u00edan programado participar para analizar estrategias regionales de desarrollo energ\u00e9tico en el marco del denominado Mecanismo de Di\u00e1logo y Concertaci\u00f3n de Tuxtla.<\/p>\n<p>La reuni\u00f3n se llev\u00f3 a cabo con la participaci\u00f3n de los presidentes asistentes y los cancilleres de M\u00e9xico, Jos\u00e9 Antonio Meade, y Colombia, Mar\u00eda \u00c1ngela Holgu\u00edn. En una declaraci\u00f3n conjunta, Meade dijo que la declaraci\u00f3n es una gu\u00eda de ruta del trabajo a seguir. \u201cVemos con satisfacci\u00f3n los avances en materia de integraci\u00f3n energ\u00e9tica, el sistema de integraci\u00f3n el\u00e9ctrica\u201d, afirm\u00f3 el canciller.<\/p>\n<\/div>\n","protected":false},"excerpt":{"rendered":"<p>(AP) Antigua Los presidentes centroamericanos se reunieron en la ciudad de Antigua Guatemala para tratar temas migratorios, econ\u00f3micos y de seguridad de la regi\u00f3n. \u00a0Por su parte, el presidente Enrique Pe\u00f1a Nieto no pudo viajar debido a una operaci\u00f3n de ves\u00edcula a la que fue sometido de emergencia, inform\u00f3 la presidencia mexicana. El encuentro, en [&hellip;]<\/p>\n","protected":false},"author":7,"featured_media":13958,"comment_status":"open","ping_status":"open","sticky":false,"template":"","format":"standard","meta":{"footnotes":""},"categories":[54,40,43],"tags":[],"class_list":["post-13957","post","type-post","status-publish","format-standard","has-post-thumbnail","hentry","category-emigrantes","category-internacionales","category-politica"],"_links":{"self":[{"href":"https:\/\/2horizontes.com\/index.php?rest_route=\/wp\/v2\/posts\/13957","targetHints":{"allow":["GET"]}}],"collection":[{"href":"https:\/\/2horizontes.com\/index.php?rest_route=\/wp\/v2\/posts"}],"about":[{"href":"https:\/\/2horizontes.com\/index.php?rest_route=\/wp\/v2\/types\/post"}],"author":[{"embeddable":true,"href":"https:\/\/2horizontes.com\/index.php?rest_route=\/wp\/v2\/users\/7"}],"replies":[{"embeddable":true,"href":"https:\/\/2horizontes.com\/index.php?rest_route=%2Fwp%2Fv2%2Fcomments&post=13957"}],"version-history":[{"count":1,"href":"https:\/\/2horizontes.com\/index.php?rest_route=\/wp\/v2\/posts\/13957\/revisions"}],"predecessor-version":[{"id":13959,"href":"https:\/\/2horizontes.com\/index.php?rest_route=\/wp\/v2\/posts\/13957\/revisions\/13959"}],"wp:featuredmedia":[{"embeddable":true,"href":"https:\/\/2horizontes.com\/index.php?rest_route=\/wp\/v2\/media\/13958"}],"wp:attachment":[{"href":"https:\/\/2horizontes.com\/index.php?rest_route=%2Fwp%2Fv2%2Fmedia&parent=13957"}],"wp:term":[{"taxonomy":"category","embeddable":true,"href":"https:\/\/2horizontes.com\/index.php?rest_route=%2Fwp%2Fv2%2Fcategories&post=13957"},{"taxonomy":"post_tag","embeddable":true,"href":"https:\/\/2horizontes.com\/index.php?rest_route=%2Fwp%2Fv2%2Ftags&post=13957"}],"curies":[{"name":"wp","href":"https:\/\/api.w.org\/{rel}","templated":true}]}}