{"id":13826,"date":"2015-06-26T01:36:32","date_gmt":"2015-06-26T00:36:32","guid":{"rendered":"http:\/\/2horizontes.com\/?p=13826"},"modified":"2015-06-26T01:36:32","modified_gmt":"2015-06-26T00:36:32","slug":"capacitaran-1413-profesores-con-la-ayuda-de-universidades-privadas-en-rd","status":"publish","type":"post","link":"https:\/\/2horizontes.com\/?p=13826","title":{"rendered":"Capacitar\u00e1n 1,413 profesores con la ayuda de universidades privadas en RD"},"content":{"rendered":"<p>RD-SANTO DOMINGO.- \u00a0Los ministerios de Educaci\u00f3n y de Educaci\u00f3n Superior, Ciencia y Tecnolog\u00eda iniciar\u00e1n con varias universidades del pa\u00eds un Programa de Capacitaci\u00f3n de Profesores de los niveles Inicial, Primario y Secundario, que en una primera etapa iniciar\u00e1 con 1,413 becarios de las Regionales 10 y 15, de Santo Domingo.<\/p>\n<p>A los becarios se les impartir\u00e1n 11 especialidades, mediante cursos de Nivelaci\u00f3n, a cargo de siete instituciones de educaci\u00f3n superior.<\/p>\n<p>Esas universidades son Iberoamericana (UNIBE), Nacional Pedro Henr\u00edquez Ure\u00f1a (UNPHU), Abierta para Adultos (UAPA), Aut\u00f3noma de Santo Domingo (UASD), Pontificia Universidad Aut\u00f3noma de Santo Domingo (PUCMM), el Instituto de Formaci\u00f3n Docente Salom\u00e9 Ure\u00f1a (ISFODOSU) y Apec (UNAPEC).<\/p>\n<p>El Instituto Nacional de Formaci\u00f3n y Capacitaci\u00f3n Magisterial (INAFOCAM) las contrataciones con las universidades.<\/p>\n<p>Este programa est\u00e1 orientado a dar respuesta de calidad a la necesidad de formaci\u00f3n y de perfeccionamiento de los docentes que se desempa\u00f1an en todos los niveles educativos y en las diversas \u00e1reas curriculares, seg\u00fan las disciplinas que tienen a su cargo los docentes, a los fines de elevar los aprendizajes de los ni\u00f1os, ni\u00f1as, adolescentes y j\u00f3venes a nivel nacional.<\/p>\n<p>La meta proyectada para la implementaci\u00f3n de este programa de capacitaci\u00f3n es formar 3,500 docentes en 14 especialidades: una especialidad en el nivel inicial; seis para docentes del nivel Primario y siete para docentes del nivel Secundario, con planes de estudio aprobados por el MESCyT.\u00a0 Las \u00e1reas de especializaci\u00f3n son F\u00edsica, Qu\u00edmica, Biolog\u00eda, Matem\u00e1tica, Lengua Espa\u00f1ola, Geograf\u00eda, Historia e Inform\u00e1tica.<\/p>\n<p>En la reuni\u00f3n se entreg\u00f3 a los rectores y representantes de las universidades los lineamientos generales para los Cursos de Nivelaci\u00f3n para los docentes que tendr\u00e1n una duraci\u00f3n de un semestre. Luego iniciar\u00e1n la especialidad. El nuevo llamado a los profesores ser\u00e1 para iniciar en enero del 2016.<\/p>\n<p>La ministra de Educaci\u00f3n Superior, Ciencia y Tecnolog\u00eda, Ligia Amada Melo, dio lectura a los compromisos del Pacto Educativo para la formaci\u00f3n de profesores y cursos regulares, a partir de agosto 2015.<\/p>\n<p>En la reuni\u00f3n estuvieron presentes rectores y representantes la PUCMMA, ISFODOSU, Instituto Tecnol\u00f3gico de Santo Domingo (INTEC), UASD, Universidad Tecnol\u00f3gica del Cibao Oriental (UTECO), UNAPEC, UNIBE, UNPHU, Universidad ISA (UNISA), Universidad Central del Este (UCE), Abierta para Adultos (UAPA), y las universidades Tecnol\u00f3gica del Sur (UTESUR), Cat\u00f3lica Tecnol\u00f3gica del Cibao (UCATECI), Tecnol\u00f3gica de Barahona (UCATEBA) y Cat\u00f3lica Nordestana (UCNE).\u00a0 Tambi\u00e9n la directora ejecutiva del Instituto Nacional de Formaci\u00f3n Magisterial (INAFOCAM, Denia Burgos.<\/p>\n<p><strong>Contrataci\u00f3n de especialistas extranjeros<\/strong><\/p>\n<p>El ministro de Educaci\u00f3n, Carlos Amarante Baret, revel\u00f3 que el Gobierno dominicano contratar\u00e1 a especialistas extranjeros del m\u00e1s alto nivel internacional para que trabajen en la formaci\u00f3n de\u00a0 formadores en las distintas universidades del pa\u00eds.<\/p>\n<p>Estas contrataciones no implicar\u00e1n ning\u00fan sacrificio para esas academias, sino que ser\u00e1 una inversi\u00f3n estatal, con el prop\u00f3sito de lograr tener al maestro del Siglo XXI.<\/p>\n<p>Amarante Baret ofreci\u00f3 la informaci\u00f3n durante una reuni\u00f3n con la ministra de Educaci\u00f3n Superior, Ciencia y Tecnolog\u00eda (MESCyT), Ligia Amada Melo, y con rectores y representantes de universidades del pa\u00eds.<\/p>\n<p>\u20baAl final lo que queremos es que lo que salga de las universidades sea lo mejor para que venga lo mejor a las escuelas\u201d, expres\u00f3 el ministro Amarante Baret.<\/p>\n<p>Dijo que tal como lo anunci\u00f3 el presidente Danilo Medina en su discurso de rendici\u00f3n de cuentas el 27 de febrero, para este a\u00f1o queremos sentar las bases de la nueva formaci\u00f3n magisterial en el nivel Inicial y el fortalecimiento de la capacitaci\u00f3n docente.<\/p>\n<p>\u20baEso tiene que ser un legado de las pol\u00edticas educativas de nuestro Presidente\u20ba, puntualiz\u00f3 el ministro de Educaci\u00f3n.<\/p>\n<p><strong>Profesionales de alto nivel<\/strong><\/p>\n<p>En ese sentido, el consejero del Ministerio de la Presidencia, Juan Ariel Jim\u00e9nez, abund\u00f3 que esos acad\u00e9micos extranjeros deben tener un perfil requerido que est\u00e1 siendo dise\u00f1ado, como maestr\u00eda en el \u00e1rea a impartir y en programas de alto nivel mundial.<\/p>\n<p>&nbsp;<\/p>\n","protected":false},"excerpt":{"rendered":"<p>RD-SANTO DOMINGO.- \u00a0Los ministerios de Educaci\u00f3n y de Educaci\u00f3n Superior, Ciencia y Tecnolog\u00eda iniciar\u00e1n con varias universidades del pa\u00eds un Programa de Capacitaci\u00f3n de Profesores de los niveles Inicial, Primario y Secundario, que en una primera etapa iniciar\u00e1 con 1,413 becarios de las Regionales 10 y 15, de Santo Domingo. A los becarios se les [&hellip;]<\/p>\n","protected":false},"author":8,"featured_media":13827,"comment_status":"open","ping_status":"open","sticky":false,"template":"","format":"standard","meta":{"footnotes":""},"categories":[55,44],"tags":[],"class_list":["post-13826","post","type-post","status-publish","format-standard","has-post-thumbnail","hentry","category-educacion","category-republica-dominicana"],"_links":{"self":[{"href":"https:\/\/2horizontes.com\/index.php?rest_route=\/wp\/v2\/posts\/13826","targetHints":{"allow":["GET"]}}],"collection":[{"href":"https:\/\/2horizontes.com\/index.php?rest_route=\/wp\/v2\/posts"}],"about":[{"href":"https:\/\/2horizontes.com\/index.php?rest_route=\/wp\/v2\/types\/post"}],"author":[{"embeddable":true,"href":"https:\/\/2horizontes.com\/index.php?rest_route=\/wp\/v2\/users\/8"}],"replies":[{"embeddable":true,"href":"https:\/\/2horizontes.com\/index.php?rest_route=%2Fwp%2Fv2%2Fcomments&post=13826"}],"version-history":[{"count":1,"href":"https:\/\/2horizontes.com\/index.php?rest_route=\/wp\/v2\/posts\/13826\/revisions"}],"predecessor-version":[{"id":13828,"href":"https:\/\/2horizontes.com\/index.php?rest_route=\/wp\/v2\/posts\/13826\/revisions\/13828"}],"wp:featuredmedia":[{"embeddable":true,"href":"https:\/\/2horizontes.com\/index.php?rest_route=\/wp\/v2\/media\/13827"}],"wp:attachment":[{"href":"https:\/\/2horizontes.com\/index.php?rest_route=%2Fwp%2Fv2%2Fmedia&parent=13826"}],"wp:term":[{"taxonomy":"category","embeddable":true,"href":"https:\/\/2horizontes.com\/index.php?rest_route=%2Fwp%2Fv2%2Fcategories&post=13826"},{"taxonomy":"post_tag","embeddable":true,"href":"https:\/\/2horizontes.com\/index.php?rest_route=%2Fwp%2Fv2%2Ftags&post=13826"}],"curies":[{"name":"wp","href":"https:\/\/api.w.org\/{rel}","templated":true}]}}