{"id":13820,"date":"2015-06-26T01:26:15","date_gmt":"2015-06-26T00:26:15","guid":{"rendered":"http:\/\/2horizontes.com\/?p=13820"},"modified":"2015-06-26T01:26:15","modified_gmt":"2015-06-26T00:26:15","slug":"al-menos-10-reclusos-heridos-en-motin-en-la-carcel-publica-cotui-rd","status":"publish","type":"post","link":"https:\/\/2horizontes.com\/?p=13820","title":{"rendered":"Al menos 10 reclusos heridos en mot\u00edn en la c\u00e1rcel p\u00fablica Cotui RD"},"content":{"rendered":"<p class=\"DETALLE_N_titulo \">RD- COTUI-(EFE).- Al menos 10 reclusos resultaron heridos hoy en medio de un mot\u00edn desatado en la c\u00e1rcel p\u00fablica Palo Hincado de Cotu\u00ed, provincia S\u00e1nchez Ram\u00edrez, donde se enfrentaron reos locales contra un grupo trasladado desde Santo Domingo pero liderado por el azuano Vladimir Pujols, condenado por el asesinato del periodista Juan And\u00fajar en 2004.<\/p>\n<div id=\"texto\" class=\"texto_txt\">\n<div class=\"DETALLE_N_texto \">\n<p><span id=\"ctl14_lblMostra\">Los heridos recibieron disparos y cortaduras de armas blancas, durante un incidente que se prolong\u00f3 por varias horas y del que varios presos responsabilizan al alcaide del penal, Ram\u00f3n Mendoza.<\/span><\/p>\n<p>Entre los heridos figuran Alejandro Su\u00e1rez, Jos\u00e9 Gregorio Mart\u00ednez, Francisco Cabrera, Jos\u00e9 Francisco Hern\u00e1ndez, Jos\u00e9 Miguel Taveras, Jonathan F\u00e9lix y Mariano Antonio Encarnaci\u00f3n, quien est\u00e1 siendo intervenido en un centro m\u00e9dico de Cotu\u00ed.<\/p>\n<p>De acuerdo al periodista Ra\u00fal Moreno C\u00e1rdenas, quien recogi\u00f3 informaciones desde el lugar de los hechos, el mot\u00edn se habr\u00eda producido cuando Pujols fue regresado a una celda com\u00fan, tras purgar un per\u00edodo de aislamiento por mal comportamiento.<\/p>\n<p>El comunicador precis\u00f3 que algunos reos dijeron a medios de prensa locales, que Pujols lidera a un grupo de reclusos procedentes de Santo Domingo que disputan el control de la c\u00e1rcel a un grupo de internos de Cotu\u00ed.<\/p>\n<p>Esas informaciones afirman, que los presos de Cotu\u00ed han exigido al alcaide Mendoza que desautorice al recluso Humberto Tejeda, a actuar como coordinador de los reos ya que este, supuestamente, ha convertido el lugar en una \u201cmafia\u201d donde hay que pagarle determinadas sumas de dinero para poder dormir en una cama o para recibir visitas de familiares.<\/p>\n<p>La c\u00e1rcel Palo Hincado de Cotu\u00ed fue construida para albergar a unos 160 reclusos, pero en la actualidad m\u00e1s de 700 guardan prisi\u00f3n all\u00ed, seg\u00fan afirm\u00f3 el periodista C\u00e1rdenas.<\/p>\n<p>En el lugar hay confinados presos procedentes de Santo Domingo, Monse\u00f1or Nouel y hasta de Santiago.EFE<\/p>\n<\/div>\n<\/div>\n","protected":false},"excerpt":{"rendered":"<p>RD- COTUI-(EFE).- Al menos 10 reclusos resultaron heridos hoy en medio de un mot\u00edn desatado en la c\u00e1rcel p\u00fablica Palo Hincado de Cotu\u00ed, provincia S\u00e1nchez Ram\u00edrez, donde se enfrentaron reos locales contra un grupo trasladado desde Santo Domingo pero liderado por el azuano Vladimir Pujols, condenado por el asesinato del periodista Juan And\u00fajar en 2004. [&hellip;]<\/p>\n","protected":false},"author":8,"featured_media":13821,"comment_status":"open","ping_status":"open","sticky":false,"template":"","format":"standard","meta":{"footnotes":""},"categories":[53,44],"tags":[],"class_list":["post-13820","post","type-post","status-publish","format-standard","has-post-thumbnail","hentry","category-provincias","category-republica-dominicana"],"_links":{"self":[{"href":"https:\/\/2horizontes.com\/index.php?rest_route=\/wp\/v2\/posts\/13820","targetHints":{"allow":["GET"]}}],"collection":[{"href":"https:\/\/2horizontes.com\/index.php?rest_route=\/wp\/v2\/posts"}],"about":[{"href":"https:\/\/2horizontes.com\/index.php?rest_route=\/wp\/v2\/types\/post"}],"author":[{"embeddable":true,"href":"https:\/\/2horizontes.com\/index.php?rest_route=\/wp\/v2\/users\/8"}],"replies":[{"embeddable":true,"href":"https:\/\/2horizontes.com\/index.php?rest_route=%2Fwp%2Fv2%2Fcomments&post=13820"}],"version-history":[{"count":1,"href":"https:\/\/2horizontes.com\/index.php?rest_route=\/wp\/v2\/posts\/13820\/revisions"}],"predecessor-version":[{"id":13822,"href":"https:\/\/2horizontes.com\/index.php?rest_route=\/wp\/v2\/posts\/13820\/revisions\/13822"}],"wp:featuredmedia":[{"embeddable":true,"href":"https:\/\/2horizontes.com\/index.php?rest_route=\/wp\/v2\/media\/13821"}],"wp:attachment":[{"href":"https:\/\/2horizontes.com\/index.php?rest_route=%2Fwp%2Fv2%2Fmedia&parent=13820"}],"wp:term":[{"taxonomy":"category","embeddable":true,"href":"https:\/\/2horizontes.com\/index.php?rest_route=%2Fwp%2Fv2%2Fcategories&post=13820"},{"taxonomy":"post_tag","embeddable":true,"href":"https:\/\/2horizontes.com\/index.php?rest_route=%2Fwp%2Fv2%2Ftags&post=13820"}],"curies":[{"name":"wp","href":"https:\/\/api.w.org\/{rel}","templated":true}]}}