{"id":13818,"date":"2015-06-25T21:42:58","date_gmt":"2015-06-25T20:42:58","guid":{"rendered":"http:\/\/2horizontes.com\/?p=13818"},"modified":"2015-06-25T21:42:58","modified_gmt":"2015-06-25T20:42:58","slug":"apoya-a-los-latinos-j-balvin-cancela-show-por-donald-trump","status":"publish","type":"post","link":"https:\/\/2horizontes.com\/?p=13818","title":{"rendered":"APOYA A LOS LATINOS! J BALVIN CANCELA SHOW POR DONALD TRUMP"},"content":{"rendered":"<p>Hace una semana Donald Trump arremeti\u00f3 contra los mexicanos durante su arranque de campa\u00f1a para ser candidato presidencial de los Estados Unidos por el Partido Republicano y sus comentarios siguen cobrando factura, ya que despu\u00e9s de varias cr\u00edticas de m\u00fasicos del pa\u00eds azteca, ahora el colombiano J Balvin cancel\u00f3 su presentaci\u00f3n en el concurso de belleza Miss USA como apoyo a la comunidad latina.<\/p>\n<p>El magnate declar\u00f3 que M\u00e9xico s\u00f3lo manda inmigrantes \u00abvioladores\u00bb y traficantes de drogas, por lo que el int\u00e9rprete de \u00abAy Vamos\u00bb se\u00f1al\u00f3 que no s\u00f3lo ofende a los mexicanos, sino a todos los latinos, por lo que ha decidido cancelar su participaci\u00f3n en el evento, aunque \u00e9ste iba a ser su primer show en televisi\u00f3n nacional.<\/p>\n<p>Estamos hablando de nuestras ra\u00edces, nuestra cultura, nuestros valores. Esto no se trata de ser punitivo, sino de mostrar liderazgo a trav\u00e9s de la responsabilidad social. Sus comentarios no son s\u00f3lo acerca de los mexicanos sino sobre todos los latinos\u00bb, declar\u00f3 a la revista Billboard. Pero tambi\u00e9n recurri\u00f3 a sus redes sociales para manifestar su desacuerdo contra el pol\u00edtico.<\/p>\n","protected":false},"excerpt":{"rendered":"<p>Hace una semana Donald Trump arremeti\u00f3 contra los mexicanos durante su arranque de campa\u00f1a para ser candidato presidencial de los Estados Unidos por el Partido Republicano y sus comentarios siguen cobrando factura, ya que despu\u00e9s de varias cr\u00edticas de m\u00fasicos del pa\u00eds azteca, ahora el colombiano J Balvin cancel\u00f3 su presentaci\u00f3n en el concurso de [&hellip;]<\/p>\n","protected":false},"author":3,"featured_media":13817,"comment_status":"open","ping_status":"open","sticky":false,"template":"","format":"standard","meta":{"footnotes":""},"categories":[1],"tags":[],"class_list":["post-13818","post","type-post","status-publish","format-standard","has-post-thumbnail","hentry","category-entretenimiento"],"_links":{"self":[{"href":"https:\/\/2horizontes.com\/index.php?rest_route=\/wp\/v2\/posts\/13818","targetHints":{"allow":["GET"]}}],"collection":[{"href":"https:\/\/2horizontes.com\/index.php?rest_route=\/wp\/v2\/posts"}],"about":[{"href":"https:\/\/2horizontes.com\/index.php?rest_route=\/wp\/v2\/types\/post"}],"author":[{"embeddable":true,"href":"https:\/\/2horizontes.com\/index.php?rest_route=\/wp\/v2\/users\/3"}],"replies":[{"embeddable":true,"href":"https:\/\/2horizontes.com\/index.php?rest_route=%2Fwp%2Fv2%2Fcomments&post=13818"}],"version-history":[{"count":1,"href":"https:\/\/2horizontes.com\/index.php?rest_route=\/wp\/v2\/posts\/13818\/revisions"}],"predecessor-version":[{"id":13819,"href":"https:\/\/2horizontes.com\/index.php?rest_route=\/wp\/v2\/posts\/13818\/revisions\/13819"}],"wp:featuredmedia":[{"embeddable":true,"href":"https:\/\/2horizontes.com\/index.php?rest_route=\/wp\/v2\/media\/13817"}],"wp:attachment":[{"href":"https:\/\/2horizontes.com\/index.php?rest_route=%2Fwp%2Fv2%2Fmedia&parent=13818"}],"wp:term":[{"taxonomy":"category","embeddable":true,"href":"https:\/\/2horizontes.com\/index.php?rest_route=%2Fwp%2Fv2%2Fcategories&post=13818"},{"taxonomy":"post_tag","embeddable":true,"href":"https:\/\/2horizontes.com\/index.php?rest_route=%2Fwp%2Fv2%2Ftags&post=13818"}],"curies":[{"name":"wp","href":"https:\/\/api.w.org\/{rel}","templated":true}]}}