{"id":13782,"date":"2015-06-25T17:32:23","date_gmt":"2015-06-25T16:32:23","guid":{"rendered":"http:\/\/2horizontes.com\/?p=13782"},"modified":"2015-06-25T17:32:23","modified_gmt":"2015-06-25T16:32:23","slug":"tribunal-aplaza-para-septiembre-el-caso-martha-heredia-y-vakero-rd","status":"publish","type":"post","link":"https:\/\/2horizontes.com\/?p=13782","title":{"rendered":"Tribunal aplaza para septiembre el caso Martha Heredia y Vaker\u00f3 RD"},"content":{"rendered":"<div id=\"ArticleBody\">\n<p>RD- SANTO DOMINGO &#8211; El Cuarto Tribunal Colegiado del Distrito Nacional aplaz\u00f3 para el 2 de septiembre el juicio por alegada violencia de g\u00e9nero que se le sigue al int\u00e9rprete de m\u00fasica urbana Manuel Varet Marte, mejor conocido como Vaker\u00f3.<\/p>\n<p>La audiencia fue reenviada porque Heredia no se present\u00f3 a la audiencia, ya que la notificaci\u00f3n se la enviaron a la c\u00e1rcel de Rafey y se encuentra recluida en Najayo Mujeres. Adem\u00e1s, porque la abogada titular de Vaker\u00f3 no pudo asistir.<\/p>\n<p>En diciembre pasado, la Segunda Sala Penal de la Corte de Apelaci\u00f3n del Distrito Nacional anul\u00f3 la sentencia que condenaba a un a\u00f1o de prisi\u00f3n al cantante urbano por supuesta violencia de g\u00e9nero contra su expareja.<\/p>\n<p>Heredia cumple sentencia por haber sido encontrada culpable de tr\u00e1fico de hero\u00edna.<\/p>\n<\/div>\n<div><\/div>\n<p>&nbsp;<\/p>\n","protected":false},"excerpt":{"rendered":"<p>RD- SANTO DOMINGO &#8211; El Cuarto Tribunal Colegiado del Distrito Nacional aplaz\u00f3 para el 2 de septiembre el juicio por alegada violencia de g\u00e9nero que se le sigue al int\u00e9rprete de m\u00fasica urbana Manuel Varet Marte, mejor conocido como Vaker\u00f3. La audiencia fue reenviada porque Heredia no se present\u00f3 a la audiencia, ya que la [&hellip;]<\/p>\n","protected":false},"author":8,"featured_media":11461,"comment_status":"open","ping_status":"open","sticky":false,"template":"","format":"standard","meta":{"footnotes":""},"categories":[44],"tags":[],"class_list":["post-13782","post","type-post","status-publish","format-standard","has-post-thumbnail","hentry","category-republica-dominicana"],"_links":{"self":[{"href":"https:\/\/2horizontes.com\/index.php?rest_route=\/wp\/v2\/posts\/13782","targetHints":{"allow":["GET"]}}],"collection":[{"href":"https:\/\/2horizontes.com\/index.php?rest_route=\/wp\/v2\/posts"}],"about":[{"href":"https:\/\/2horizontes.com\/index.php?rest_route=\/wp\/v2\/types\/post"}],"author":[{"embeddable":true,"href":"https:\/\/2horizontes.com\/index.php?rest_route=\/wp\/v2\/users\/8"}],"replies":[{"embeddable":true,"href":"https:\/\/2horizontes.com\/index.php?rest_route=%2Fwp%2Fv2%2Fcomments&post=13782"}],"version-history":[{"count":1,"href":"https:\/\/2horizontes.com\/index.php?rest_route=\/wp\/v2\/posts\/13782\/revisions"}],"predecessor-version":[{"id":13785,"href":"https:\/\/2horizontes.com\/index.php?rest_route=\/wp\/v2\/posts\/13782\/revisions\/13785"}],"wp:featuredmedia":[{"embeddable":true,"href":"https:\/\/2horizontes.com\/index.php?rest_route=\/wp\/v2\/media\/11461"}],"wp:attachment":[{"href":"https:\/\/2horizontes.com\/index.php?rest_route=%2Fwp%2Fv2%2Fmedia&parent=13782"}],"wp:term":[{"taxonomy":"category","embeddable":true,"href":"https:\/\/2horizontes.com\/index.php?rest_route=%2Fwp%2Fv2%2Fcategories&post=13782"},{"taxonomy":"post_tag","embeddable":true,"href":"https:\/\/2horizontes.com\/index.php?rest_route=%2Fwp%2Fv2%2Ftags&post=13782"}],"curies":[{"name":"wp","href":"https:\/\/api.w.org\/{rel}","templated":true}]}}