{"id":13605,"date":"2015-06-25T07:08:01","date_gmt":"2015-06-25T06:08:01","guid":{"rendered":"http:\/\/2horizontes.com\/?p=13605"},"modified":"2015-06-25T07:33:27","modified_gmt":"2015-06-25T06:33:27","slug":"nuevo-contingente-militar-de-guatemala-viaja-rumbo-a-haiti-para-mision-de-paz","status":"publish","type":"post","link":"https:\/\/2horizontes.com\/?p=13605","title":{"rendered":"Nuevo contingente militar de Guatemala viaja rumbo a Hait\u00ed para misi\u00f3n de paz"},"content":{"rendered":"<div id=\"ArticleAuthorDiv\" class=\"article-body-author\"><b>EFE<\/b><\/div>\n<div id=\"ArticleSourceDiv\" class=\"article-body-author\"><b>Guatemala<\/b><\/div>\n<div id=\"ArticleBody\">\n<p>Un nuevo contingente de la Polic\u00eda Militar de Guatemala, compuesto por 52 personas, parti\u00f3 rumbo a Hait\u00ed para integrarse a la misi\u00f3n de las Naciones Unidas (ONU) encargada de estabilizar la isla, inform\u00f3 una fuente oficial.<\/p>\n<p>Los militares viajaron este mi\u00e9rcoles al pa\u00eds caribe\u00f1o en reemplazo de un contingente de 133 personas que volvi\u00f3 a la naci\u00f3n centroamericana el pasado martes, seg\u00fan detall\u00f3 el portavoz del Ej\u00e9rcito de Guatemala, Hugo Rodr\u00edguez.<\/p>\n<p>La tropa est\u00e1 compuesta por 52 militares, entre oficiales, superiores, oficiales subalternos, especialistas, traductores y polic\u00edas militares, confirm\u00f3 la misma fuente.<\/p>\n<p>El contingente representa el decimosexto env\u00edo de personal castrense guatemalteco a la isla para integrarse a la Misi\u00f3n de las Naciones Unidas para la estabilizaci\u00f3n de la Rep\u00fablica de Hait\u00ed (Minustah).<\/p>\n<p>Los soldados apoyar\u00e1n a la Organizaci\u00f3n de Naciones Unidas para establecer mejores condiciones pol\u00edticas en Hait\u00ed, adem\u00e1s de fortalecer las instituciones de gobierno y promover el respeto a la Constituci\u00f3n, seg\u00fan detall\u00f3 el gobierno a trav\u00e9s de la Agencia Guatemalteca de Noticias (AGN).<\/p>\n<p>El contingente, que incluye a un oficial de Honduras y otro de El Salvador, permanecer\u00e1 por aproximadamente un a\u00f1o en Hait\u00ed.<\/p>\n<p>Los militares que no pertenecen a Guatemala se desempe\u00f1ar\u00e1n como oficiales investigadores, en \u00abcumplimiento a los acuerdos emanados en la Conferencia de Fuerzas Armadas Centroamericanas (CFAC), afirm\u00f3 la misma fuente.<\/p>\n<p>El Ej\u00e9rcito guatemalteco participa en la Minustah desde 1994 y durante los \u00faltimos 21 a\u00f1os ha enviado 16 contingentes para participar en el mantenimiento de la paz en el pa\u00eds caribe\u00f1o.<\/p>\n<p>La naci\u00f3n centroamericana tambi\u00e9n tiene desplazado un contingente de 155 militares con los mismos fines en la Rep\u00fablica Democr\u00e1tica del Congo (RDC).<\/p>\n<p>La preparaci\u00f3n del contingente que parti\u00f3 hoy rumbo a Hait\u00ed dur\u00f3 seis meses en un centro de entrenamiento situado en el departamento de Alta Verapaz (norte).<\/p>\n<\/div>\n","protected":false},"excerpt":{"rendered":"<p>EFE Guatemala Un nuevo contingente de la Polic\u00eda Militar de Guatemala, compuesto por 52 personas, parti\u00f3 rumbo a Hait\u00ed para integrarse a la misi\u00f3n de las Naciones Unidas (ONU) encargada de estabilizar la isla, inform\u00f3 una fuente oficial. Los militares viajaron este mi\u00e9rcoles al pa\u00eds caribe\u00f1o en reemplazo de un contingente de 133 personas que [&hellip;]<\/p>\n","protected":false},"author":7,"featured_media":13617,"comment_status":"open","ping_status":"open","sticky":false,"template":"","format":"standard","meta":{"footnotes":""},"categories":[47,40],"tags":[],"class_list":["post-13605","post","type-post","status-publish","format-standard","has-post-thumbnail","hentry","category-haiti","category-internacionales"],"_links":{"self":[{"href":"https:\/\/2horizontes.com\/index.php?rest_route=\/wp\/v2\/posts\/13605","targetHints":{"allow":["GET"]}}],"collection":[{"href":"https:\/\/2horizontes.com\/index.php?rest_route=\/wp\/v2\/posts"}],"about":[{"href":"https:\/\/2horizontes.com\/index.php?rest_route=\/wp\/v2\/types\/post"}],"author":[{"embeddable":true,"href":"https:\/\/2horizontes.com\/index.php?rest_route=\/wp\/v2\/users\/7"}],"replies":[{"embeddable":true,"href":"https:\/\/2horizontes.com\/index.php?rest_route=%2Fwp%2Fv2%2Fcomments&post=13605"}],"version-history":[{"count":1,"href":"https:\/\/2horizontes.com\/index.php?rest_route=\/wp\/v2\/posts\/13605\/revisions"}],"predecessor-version":[{"id":13607,"href":"https:\/\/2horizontes.com\/index.php?rest_route=\/wp\/v2\/posts\/13605\/revisions\/13607"}],"wp:featuredmedia":[{"embeddable":true,"href":"https:\/\/2horizontes.com\/index.php?rest_route=\/wp\/v2\/media\/13617"}],"wp:attachment":[{"href":"https:\/\/2horizontes.com\/index.php?rest_route=%2Fwp%2Fv2%2Fmedia&parent=13605"}],"wp:term":[{"taxonomy":"category","embeddable":true,"href":"https:\/\/2horizontes.com\/index.php?rest_route=%2Fwp%2Fv2%2Fcategories&post=13605"},{"taxonomy":"post_tag","embeddable":true,"href":"https:\/\/2horizontes.com\/index.php?rest_route=%2Fwp%2Fv2%2Ftags&post=13605"}],"curies":[{"name":"wp","href":"https:\/\/api.w.org\/{rel}","templated":true}]}}