{"id":136,"date":"2014-03-25T18:02:40","date_gmt":"2014-03-25T18:02:40","guid":{"rendered":"http:\/\/2horizontes.com\/?p=136"},"modified":"2014-03-25T18:07:18","modified_gmt":"2014-03-25T18:07:18","slug":"presidente-dominicano-lamenta-muerte-de-ex-presidente-espanol-adolfo-suarez-gonzalez","status":"publish","type":"post","link":"https:\/\/2horizontes.com\/?p=136","title":{"rendered":"PRESIDENTE DOMINICANO LAMENTA MUERTE DE EX PRESIDENTE ESPA\u00d1OL ADOLFO SU\u00c1REZ GONZ\u00c1LEZ"},"content":{"rendered":"<p><a href=\"http:\/\/2horizontes.com\/wp-content\/uploads\/2014\/03\/da.jpg\"><img loading=\"lazy\" decoding=\"async\" class=\"alignleft size-medium wp-image-137\" alt=\"da\" src=\"http:\/\/2horizontes.com\/wp-content\/uploads\/2014\/03\/da-300x194.jpg\" width=\"300\" height=\"194\" srcset=\"https:\/\/2horizontes.com\/wp-content\/uploads\/2014\/03\/da-300x194.jpg 300w, https:\/\/2horizontes.com\/wp-content\/uploads\/2014\/03\/da-330x214.jpg 330w, https:\/\/2horizontes.com\/wp-content\/uploads\/2014\/03\/da.jpg 456w\" sizes=\"auto, (max-width: 300px) 100vw, 300px\" \/><\/a>Santo Domingo<br \/>\nEl presidente Danilo Medina expres\u00f3 sus condolencias, las del Gobierno y las del pueblo dominicano, al Rey Juan Carlos I de Espa\u00f1a por el fallecimiento del duque de Su\u00e1rez y ex presidente de esa naci\u00f3n, Adolfo Su\u00e1rez Gonz\u00e1lez.<\/p>\n<p>Por el mismo motivo, el Jefe de Estado dominicano envi\u00f3 su expresi\u00f3n de pesar al presidente del Gobierno Espa\u00f1ol, Mariano Rajoy y a la familia del extinto ex mandatario, dirigida a su hijo Adolfo Su\u00e1rez Illana.<\/p>\n<p>\u201cAnte el lamentable fallecimiento del licenciado Adolfo Su\u00e1rez Gonz\u00e1lez, duque de Su\u00e1rez, primer presidente del Gobierno Espa\u00f1ol en su etapa democr\u00e1tica, presento a su Majestad la expresi\u00f3n solidaria del m\u00e1s sincero pesar, en nombre del Gobierno, del pueblo de la Rep\u00fablica Dominicana y en el m\u00edo propio\u201d, signific\u00f3 el presidente Medina en su comunicaci\u00f3n al Rey de Espa\u00f1a, Juan Carlos I.<\/p>\n<p>Mientras en la carta de condolencias remitida al presidente Rajoy, Medina expuso que el fenecido desempe\u00f1\u00f3 un rol estelar en la transici\u00f3n que se verific\u00f3 en los a\u00f1os de la d\u00e9cada del 70 y sent\u00f3 las bases de la democracia.<\/p>\n<p>\u201cSu gran capacidad para el di\u00e1logo, su cercan\u00eda hacia la gente y sus ideales de reconciliaci\u00f3n y solidaridad, son ejemplos para todo el mundo, que le hacen merecedor de respeto, gratitud y recordaci\u00f3n\u201d, manifest\u00f3.<\/p>\n<p>Asimismo, refiri\u00f3, al dirigirse al hijo de Su\u00e1rez Gonz\u00e1lez, Adolfo Su\u00e1rez Illana, que su progenitor ser\u00e1 recordado por sus acendradas cualidades humanas y reconocidos m\u00e9ritos como estadista, en la construcci\u00f3n de una Espa\u00f1a democr\u00e1tica y respetuosa de los derechos ciudadanos.<\/p>\n<p>Hizo extensiva la solidaridad a sus hermanos Sonsoles, Javier, Laura y a los dem\u00e1s familiares de quien fuera recordado por su pueblo como el forjador de la democracia.<\/p>\n<p>\u201cReciba nuestra expresi\u00f3n de cercan\u00eda espiritual y oraciones por la familia Su\u00e1rez Illana, pidiendo a Dios que les fortalezca en estos momentos de profundo dolor\u201d, puntualiz\u00f3 el primer mandatario.<br \/>\nR.P.<a href=\"http:\/\/2horizontes.com\/wp-content\/uploads\/2014\/03\/da.jpg\"><img loading=\"lazy\" decoding=\"async\" class=\"alignleft size-medium wp-image-137\" alt=\"da\" src=\"http:\/\/2horizontes.com\/wp-content\/uploads\/2014\/03\/da-300x194.jpg\" width=\"300\" height=\"194\" srcset=\"https:\/\/2horizontes.com\/wp-content\/uploads\/2014\/03\/da-300x194.jpg 300w, https:\/\/2horizontes.com\/wp-content\/uploads\/2014\/03\/da-330x214.jpg 330w, https:\/\/2horizontes.com\/wp-content\/uploads\/2014\/03\/da.jpg 456w\" sizes=\"auto, (max-width: 300px) 100vw, 300px\" \/><\/a><\/p>\n","protected":false},"excerpt":{"rendered":"<p>Santo Domingo El presidente Danilo Medina expres\u00f3 sus condolencias, las del Gobierno y las del pueblo dominicano, al Rey Juan Carlos I de Espa\u00f1a por el fallecimiento del duque de Su\u00e1rez y ex presidente de esa naci\u00f3n, Adolfo Su\u00e1rez Gonz\u00e1lez. Por el mismo motivo, el Jefe de Estado dominicano envi\u00f3 su expresi\u00f3n de pesar al [&hellip;]<\/p>\n","protected":false},"author":1,"featured_media":0,"comment_status":"open","ping_status":"open","sticky":false,"template":"","format":"standard","meta":{"footnotes":""},"categories":[1],"tags":[],"class_list":["post-136","post","type-post","status-publish","format-standard","hentry","category-entretenimiento"],"_links":{"self":[{"href":"https:\/\/2horizontes.com\/index.php?rest_route=\/wp\/v2\/posts\/136","targetHints":{"allow":["GET"]}}],"collection":[{"href":"https:\/\/2horizontes.com\/index.php?rest_route=\/wp\/v2\/posts"}],"about":[{"href":"https:\/\/2horizontes.com\/index.php?rest_route=\/wp\/v2\/types\/post"}],"author":[{"embeddable":true,"href":"https:\/\/2horizontes.com\/index.php?rest_route=\/wp\/v2\/users\/1"}],"replies":[{"embeddable":true,"href":"https:\/\/2horizontes.com\/index.php?rest_route=%2Fwp%2Fv2%2Fcomments&post=136"}],"version-history":[{"count":1,"href":"https:\/\/2horizontes.com\/index.php?rest_route=\/wp\/v2\/posts\/136\/revisions"}],"predecessor-version":[{"id":138,"href":"https:\/\/2horizontes.com\/index.php?rest_route=\/wp\/v2\/posts\/136\/revisions\/138"}],"wp:attachment":[{"href":"https:\/\/2horizontes.com\/index.php?rest_route=%2Fwp%2Fv2%2Fmedia&parent=136"}],"wp:term":[{"taxonomy":"category","embeddable":true,"href":"https:\/\/2horizontes.com\/index.php?rest_route=%2Fwp%2Fv2%2Fcategories&post=136"},{"taxonomy":"post_tag","embeddable":true,"href":"https:\/\/2horizontes.com\/index.php?rest_route=%2Fwp%2Fv2%2Ftags&post=136"}],"curies":[{"name":"wp","href":"https:\/\/api.w.org\/{rel}","templated":true}]}}