{"id":13597,"date":"2015-06-24T23:59:41","date_gmt":"2015-06-24T22:59:41","guid":{"rendered":"http:\/\/2horizontes.com\/?p=13597"},"modified":"2015-06-24T23:59:41","modified_gmt":"2015-06-24T22:59:41","slug":"caricom-pide-a-rd-no-deportar-descendientes-de-haitianos","status":"publish","type":"post","link":"https:\/\/2horizontes.com\/?p=13597","title":{"rendered":"Caricom pide a RD no deportar descendientes de haitianos"},"content":{"rendered":"<p><strong>SANTO DOMINGO, Rep\u00fablica Dominicana<\/strong>.- La Comunidad del Caribe (CARICOM) pidi\u00f3 al Gobierno dominicano no deportar a miles de dominicanos de ascendencia haitiana. Esto tras finalizar el pasado 17 de junio el Plan Nacional de Regularizaci\u00f3n.<\/p>\n<p>El Caricom reiter\u00f3 su preocupaci\u00f3n por los derechos humanos considerando que los descendientes de haitianos se hab\u00edan hecho en ap\u00e1tridas por un fallo del Tribunal Constitucional de 2013, que hizo retroactiva a 1929, la revocaci\u00f3n de su nacionalidad.<\/p>\n<p>\u201cLa posibilidad de que puedan ser expulsados \u200b\u200ba Hait\u00ed, un pa\u00eds del que no son ciudadanos y con la que muchos no tienen ni lazos familiares ni de lengua, es una causa adicional de preocupaci\u00f3n\u201d establece el escrito del Caricom.<\/p>\n<p>La Comunidad del Caribe inici\u00f3 una discusi\u00f3n sobre este tema durante la reciente CARIFORUM-Uni\u00f3n Reuni\u00f3n de Alto Nivel Europeo en Bruselas el 11 de junio de 2015.<\/p>\n<p>El CARIFORUM est\u00e1 integrada por Jefes de Estado y de Gobierno y Ministros de los Estados Miembros de CARICOM y la Rep\u00fablica Dominicana con la UE est\u00e1 representada por el Presidente del Consejo de la UE y el Alto Representante para Asuntos Exteriores y Pol\u00edtica de Seguridad.<\/p>\n<div class=\"fb-social-plugin fb-recommendations-bar\"><\/div>\n<div class=\"yarpp-related\"><\/div>\n","protected":false},"excerpt":{"rendered":"<p>SANTO DOMINGO, Rep\u00fablica Dominicana.- La Comunidad del Caribe (CARICOM) pidi\u00f3 al Gobierno dominicano no deportar a miles de dominicanos de ascendencia haitiana. Esto tras finalizar el pasado 17 de junio el Plan Nacional de Regularizaci\u00f3n. El Caricom reiter\u00f3 su preocupaci\u00f3n por los derechos humanos considerando que los descendientes de haitianos se hab\u00edan hecho en ap\u00e1tridas [&hellip;]<\/p>\n","protected":false},"author":10,"featured_media":13598,"comment_status":"open","ping_status":"open","sticky":false,"template":"","format":"standard","meta":{"footnotes":""},"categories":[44],"tags":[],"class_list":["post-13597","post","type-post","status-publish","format-standard","has-post-thumbnail","hentry","category-republica-dominicana"],"_links":{"self":[{"href":"https:\/\/2horizontes.com\/index.php?rest_route=\/wp\/v2\/posts\/13597","targetHints":{"allow":["GET"]}}],"collection":[{"href":"https:\/\/2horizontes.com\/index.php?rest_route=\/wp\/v2\/posts"}],"about":[{"href":"https:\/\/2horizontes.com\/index.php?rest_route=\/wp\/v2\/types\/post"}],"author":[{"embeddable":true,"href":"https:\/\/2horizontes.com\/index.php?rest_route=\/wp\/v2\/users\/10"}],"replies":[{"embeddable":true,"href":"https:\/\/2horizontes.com\/index.php?rest_route=%2Fwp%2Fv2%2Fcomments&post=13597"}],"version-history":[{"count":1,"href":"https:\/\/2horizontes.com\/index.php?rest_route=\/wp\/v2\/posts\/13597\/revisions"}],"predecessor-version":[{"id":13599,"href":"https:\/\/2horizontes.com\/index.php?rest_route=\/wp\/v2\/posts\/13597\/revisions\/13599"}],"wp:featuredmedia":[{"embeddable":true,"href":"https:\/\/2horizontes.com\/index.php?rest_route=\/wp\/v2\/media\/13598"}],"wp:attachment":[{"href":"https:\/\/2horizontes.com\/index.php?rest_route=%2Fwp%2Fv2%2Fmedia&parent=13597"}],"wp:term":[{"taxonomy":"category","embeddable":true,"href":"https:\/\/2horizontes.com\/index.php?rest_route=%2Fwp%2Fv2%2Fcategories&post=13597"},{"taxonomy":"post_tag","embeddable":true,"href":"https:\/\/2horizontes.com\/index.php?rest_route=%2Fwp%2Fv2%2Ftags&post=13597"}],"curies":[{"name":"wp","href":"https:\/\/api.w.org\/{rel}","templated":true}]}}