{"id":13590,"date":"2015-06-24T20:04:02","date_gmt":"2015-06-24T19:04:02","guid":{"rendered":"http:\/\/2horizontes.com\/?p=13590"},"modified":"2015-06-24T20:04:02","modified_gmt":"2015-06-24T19:04:02","slug":"la-justicia-holandesa-ordena-que-el-gobierno-reduzca-emisiones-de-co2","status":"publish","type":"post","link":"https:\/\/2horizontes.com\/?p=13590","title":{"rendered":"La justicia holandesa ordena que el Gobierno reduzca emisiones de CO2"},"content":{"rendered":"<p>La justicia holandesa ha sentado un precedente este mi\u00e9rcoles al ordenar al Gobierno que reduzca, con medidas m\u00e1s eficaces que las actuales, el avance del efecto invernadero. Los jueces han fijado incluso una meta concreta: para el a\u00f1o 2020 debe haber una rebaja de un 25% de los gases que provocan el calentamiento de la Tierra (CO2), en lugar del 16% marcado por la actual pol\u00edtica medioambiental. Urgenda, la ONG que demand\u00f3 el pasado abril al Ejecutivo arropada por un millar de ciudadanos, ha calificado la decisi\u00f3n judicial de \u201chist\u00f3rica\u201d. No en vano es la primera vez en el mundo que un grupo de civiles recurre a la legislaci\u00f3n europea sobre derechos humanos -y al derecho de da\u00f1os- para pedir que se ponga coto a la contaminaci\u00f3n.<\/p>\n<p>\u201cEs una victoria en toda regla. Algo a lo que siempre hemos aspirado y todo el mundo dec\u00eda que nunca lograr\u00edamos\u201d, ha dicho Marjan Minnesma, directora de Urgenda, nada m\u00e1s anunciarse el fallo. Seg\u00fan ella, las palabras de los jueces sientan jurisprudencia y otros pa\u00edses podr\u00e1n reclamar en casos similares. Cabe, eso s\u00ed, la posibilidad de recurrir por parte de los abogados del Estado.<\/p>\n<p>En su argumentaci\u00f3n, sus se\u00f1or\u00edas subrayan que las autoridades \u201ctienen la obligaci\u00f3n de proteger a los ciudadanos de los grandes peligros derivados del cambio clim\u00e1tico\u201d. Tambi\u00e9n recuerdan que, a veces, \u201clos jueces deben ocupar el sitio de los gobernantes cuando se trate de ejercer dicha protecci\u00f3n para evitar maniobras injustas\u201d. Y en el caso del clima, la poblaci\u00f3n sufre directamente las consecuencias de la inacci\u00f3n oficial. \u201cPara evitar males mayores, para 2020 habr\u00eda que reducir entre un 25% y un 40% las emisiones de CO2. Un 25% es, por tanto, una cifra asumible. Tambi\u00e9n desde el punto de vista del coste derivado de las medidas que deber\u00e1n adoptarse\u201d, a\u00f1aden.<\/p>\n","protected":false},"excerpt":{"rendered":"<p>La justicia holandesa ha sentado un precedente este mi\u00e9rcoles al ordenar al Gobierno que reduzca, con medidas m\u00e1s eficaces que las actuales, el avance del efecto invernadero. Los jueces han fijado incluso una meta concreta: para el a\u00f1o 2020 debe haber una rebaja de un 25% de los gases que provocan el calentamiento de la [&hellip;]<\/p>\n","protected":false},"author":3,"featured_media":13591,"comment_status":"open","ping_status":"open","sticky":false,"template":"","format":"standard","meta":{"footnotes":""},"categories":[40],"tags":[],"class_list":["post-13590","post","type-post","status-publish","format-standard","has-post-thumbnail","hentry","category-internacionales"],"_links":{"self":[{"href":"https:\/\/2horizontes.com\/index.php?rest_route=\/wp\/v2\/posts\/13590","targetHints":{"allow":["GET"]}}],"collection":[{"href":"https:\/\/2horizontes.com\/index.php?rest_route=\/wp\/v2\/posts"}],"about":[{"href":"https:\/\/2horizontes.com\/index.php?rest_route=\/wp\/v2\/types\/post"}],"author":[{"embeddable":true,"href":"https:\/\/2horizontes.com\/index.php?rest_route=\/wp\/v2\/users\/3"}],"replies":[{"embeddable":true,"href":"https:\/\/2horizontes.com\/index.php?rest_route=%2Fwp%2Fv2%2Fcomments&post=13590"}],"version-history":[{"count":1,"href":"https:\/\/2horizontes.com\/index.php?rest_route=\/wp\/v2\/posts\/13590\/revisions"}],"predecessor-version":[{"id":13592,"href":"https:\/\/2horizontes.com\/index.php?rest_route=\/wp\/v2\/posts\/13590\/revisions\/13592"}],"wp:featuredmedia":[{"embeddable":true,"href":"https:\/\/2horizontes.com\/index.php?rest_route=\/wp\/v2\/media\/13591"}],"wp:attachment":[{"href":"https:\/\/2horizontes.com\/index.php?rest_route=%2Fwp%2Fv2%2Fmedia&parent=13590"}],"wp:term":[{"taxonomy":"category","embeddable":true,"href":"https:\/\/2horizontes.com\/index.php?rest_route=%2Fwp%2Fv2%2Fcategories&post=13590"},{"taxonomy":"post_tag","embeddable":true,"href":"https:\/\/2horizontes.com\/index.php?rest_route=%2Fwp%2Fv2%2Ftags&post=13590"}],"curies":[{"name":"wp","href":"https:\/\/api.w.org\/{rel}","templated":true}]}}