{"id":1359,"date":"2014-06-10T18:14:44","date_gmt":"2014-06-10T18:14:44","guid":{"rendered":"http:\/\/2horizontes.com\/?p=1359"},"modified":"2014-06-10T18:18:16","modified_gmt":"2014-06-10T18:18:16","slug":"detenido-en-espana-un-fugitivo-dominicano-buscado-por-homicidio-en-su-pais","status":"publish","type":"post","link":"https:\/\/2horizontes.com\/?p=1359","title":{"rendered":"Detenido en Espa\u00f1a un fugitivo dominicano buscado por homicidio en su pa\u00eds"},"content":{"rendered":"<div id=\"attachment_1138\" style=\"width: 310px\" class=\"wp-caption alignleft\"><img loading=\"lazy\" decoding=\"async\" aria-describedby=\"caption-attachment-1138\" class=\"wp-image-1138 size-medium\" src=\"http:\/\/2horizontes.com\/wp-content\/uploads\/2014\/05\/policiA-300x215.jpg\" alt=\"\" width=\"300\" height=\"215\" srcset=\"https:\/\/2horizontes.com\/wp-content\/uploads\/2014\/05\/policiA-300x215.jpg 300w, https:\/\/2horizontes.com\/wp-content\/uploads\/2014\/05\/policiA.jpg 334w\" sizes=\"auto, (max-width: 300px) 100vw, 300px\" \/><p id=\"caption-attachment-1138\" class=\"wp-caption-text\">Foto de archivo. Externa.<\/p><\/div>\n<p><strong>EFE<\/strong>. <strong>M\u00e1laga, Espa\u00f1a.-<\/strong>Un hombre de 35 a\u00f1os de la Rep\u00fablica Dominicana fue arrestado en M\u00e1laga (sur) al pesar contra \u00e9l una orden internacional de detenci\u00f3n por un delito de homicidio en su pa\u00eds.<\/p>\n<p>Seg\u00fan inform\u00f3 hoy la Polic\u00eda, los agentes localizaron en la localidad malague\u00f1a de Fuengirola a este hombre, J.A.R.A., natural de San Ignacio de Sabaneta (noroeste de la rep\u00fablica Dominicana), que era buscado por un delito que la justicia dominicana puede castigar con 30 a\u00f1os de c\u00e1rcel.<\/p>\n<p>El fugitivo fue localizado en las inmediaciones de su domicilio en esa localidad de la Costa del Sol el pasado 5 de junio y fue puesto a disposici\u00f3n de la autoridad judicial.<\/p>\n","protected":false},"excerpt":{"rendered":"<p>EFE. M\u00e1laga, Espa\u00f1a.-Un hombre de 35 a\u00f1os de la Rep\u00fablica Dominicana fue arrestado en M\u00e1laga (sur) al pesar contra \u00e9l una orden internacional de detenci\u00f3n por un delito de homicidio en su pa\u00eds. Seg\u00fan inform\u00f3 hoy la Polic\u00eda, los agentes localizaron en la localidad malague\u00f1a de Fuengirola a este hombre, J.A.R.A., natural de San Ignacio [&hellip;]<\/p>\n","protected":false},"author":1,"featured_media":0,"comment_status":"open","ping_status":"open","sticky":false,"template":"","format":"standard","meta":{"footnotes":""},"categories":[1],"tags":[],"class_list":["post-1359","post","type-post","status-publish","format-standard","hentry","category-entretenimiento"],"_links":{"self":[{"href":"https:\/\/2horizontes.com\/index.php?rest_route=\/wp\/v2\/posts\/1359","targetHints":{"allow":["GET"]}}],"collection":[{"href":"https:\/\/2horizontes.com\/index.php?rest_route=\/wp\/v2\/posts"}],"about":[{"href":"https:\/\/2horizontes.com\/index.php?rest_route=\/wp\/v2\/types\/post"}],"author":[{"embeddable":true,"href":"https:\/\/2horizontes.com\/index.php?rest_route=\/wp\/v2\/users\/1"}],"replies":[{"embeddable":true,"href":"https:\/\/2horizontes.com\/index.php?rest_route=%2Fwp%2Fv2%2Fcomments&post=1359"}],"version-history":[{"count":2,"href":"https:\/\/2horizontes.com\/index.php?rest_route=\/wp\/v2\/posts\/1359\/revisions"}],"predecessor-version":[{"id":1362,"href":"https:\/\/2horizontes.com\/index.php?rest_route=\/wp\/v2\/posts\/1359\/revisions\/1362"}],"wp:attachment":[{"href":"https:\/\/2horizontes.com\/index.php?rest_route=%2Fwp%2Fv2%2Fmedia&parent=1359"}],"wp:term":[{"taxonomy":"category","embeddable":true,"href":"https:\/\/2horizontes.com\/index.php?rest_route=%2Fwp%2Fv2%2Fcategories&post=1359"},{"taxonomy":"post_tag","embeddable":true,"href":"https:\/\/2horizontes.com\/index.php?rest_route=%2Fwp%2Fv2%2Ftags&post=1359"}],"curies":[{"name":"wp","href":"https:\/\/api.w.org\/{rel}","templated":true}]}}