{"id":13572,"date":"2015-06-24T17:47:27","date_gmt":"2015-06-24T16:47:27","guid":{"rendered":"http:\/\/2horizontes.com\/?p=13572"},"modified":"2015-06-24T17:47:27","modified_gmt":"2015-06-24T16:47:27","slug":"contratan-a-mas-de-2300-personas-feria-de-empleo-en-rd","status":"publish","type":"post","link":"https:\/\/2horizontes.com\/?p=13572","title":{"rendered":"Contratan a m\u00e1s de 2,300 personas feria de empleo en RD"},"content":{"rendered":"<div id=\"ArticleBody\">\n<p>RD-SANTO DOMINGO-La firma de recursos humanos Identidad RH inform\u00f3 que un total de 2,375 personas que participaron en la feria Expo Empleo 2015, los d\u00edas 29 y 30 de abril, fueron reclutados por las cuarenta empresas que participaron en el evento.<\/p>\n<p>Karleen Pag\u00e1n, directora ejecutiva de ldentidad RH, manifest\u00f3 que esta versi\u00f3n super\u00f3 las expectativas debido a que en un primer momento las empresas participantes ofertaban 1,800 vacantes, sin embargo, conforme fueron aumentando la cantidad de aspirantes y entrevistados, el n\u00famero de reclutados aument\u00f3 considerablemente.<\/p>\n<p>Las estad\u00edsticas arrojadas por la empresa, en torno a los resultados de Expo Empleo 2015, indican que de un total de 7,645 aspirantes, entre ellos profesionales y estudiantes de diferentes carreras universitarias, 5,824 fueron entrevistados, de los que al final 2,375 quedaron empleados.<\/p>\n<p>Mientras que el pasado a\u00f1o, Expo Empleo recibi\u00f3 6,800 personas, lo que gener\u00f3 que se entrevistaran 1,500 candidatos despu\u00e9s de la feria y m\u00e1s de 650 fueran contratados. Del total de aspirantes, 5,734 son estudiantes, correspondiente a un 75%, mientras que 1,911 fueron profesionales, quienes componen el 25% restante de los asistentes.<\/p>\n<\/div>\n<div><\/div>\n<p>&nbsp;<\/p>\n","protected":false},"excerpt":{"rendered":"<p>RD-SANTO DOMINGO-La firma de recursos humanos Identidad RH inform\u00f3 que un total de 2,375 personas que participaron en la feria Expo Empleo 2015, los d\u00edas 29 y 30 de abril, fueron reclutados por las cuarenta empresas que participaron en el evento. Karleen Pag\u00e1n, directora ejecutiva de ldentidad RH, manifest\u00f3 que esta versi\u00f3n super\u00f3 las expectativas [&hellip;]<\/p>\n","protected":false},"author":8,"featured_media":13573,"comment_status":"open","ping_status":"open","sticky":false,"template":"","format":"standard","meta":{"footnotes":""},"categories":[63,44],"tags":[],"class_list":["post-13572","post","type-post","status-publish","format-standard","has-post-thumbnail","hentry","category-economia","category-republica-dominicana"],"_links":{"self":[{"href":"https:\/\/2horizontes.com\/index.php?rest_route=\/wp\/v2\/posts\/13572","targetHints":{"allow":["GET"]}}],"collection":[{"href":"https:\/\/2horizontes.com\/index.php?rest_route=\/wp\/v2\/posts"}],"about":[{"href":"https:\/\/2horizontes.com\/index.php?rest_route=\/wp\/v2\/types\/post"}],"author":[{"embeddable":true,"href":"https:\/\/2horizontes.com\/index.php?rest_route=\/wp\/v2\/users\/8"}],"replies":[{"embeddable":true,"href":"https:\/\/2horizontes.com\/index.php?rest_route=%2Fwp%2Fv2%2Fcomments&post=13572"}],"version-history":[{"count":1,"href":"https:\/\/2horizontes.com\/index.php?rest_route=\/wp\/v2\/posts\/13572\/revisions"}],"predecessor-version":[{"id":13574,"href":"https:\/\/2horizontes.com\/index.php?rest_route=\/wp\/v2\/posts\/13572\/revisions\/13574"}],"wp:featuredmedia":[{"embeddable":true,"href":"https:\/\/2horizontes.com\/index.php?rest_route=\/wp\/v2\/media\/13573"}],"wp:attachment":[{"href":"https:\/\/2horizontes.com\/index.php?rest_route=%2Fwp%2Fv2%2Fmedia&parent=13572"}],"wp:term":[{"taxonomy":"category","embeddable":true,"href":"https:\/\/2horizontes.com\/index.php?rest_route=%2Fwp%2Fv2%2Fcategories&post=13572"},{"taxonomy":"post_tag","embeddable":true,"href":"https:\/\/2horizontes.com\/index.php?rest_route=%2Fwp%2Fv2%2Ftags&post=13572"}],"curies":[{"name":"wp","href":"https:\/\/api.w.org\/{rel}","templated":true}]}}