{"id":13525,"date":"2015-06-24T12:27:28","date_gmt":"2015-06-24T11:27:28","guid":{"rendered":"http:\/\/2horizontes.com\/?p=13525"},"modified":"2015-06-24T12:29:20","modified_gmt":"2015-06-24T11:29:20","slug":"ted-2-no-es-lo-que-esperaba-amanda-seyfried","status":"publish","type":"post","link":"https:\/\/2horizontes.com\/?p=13525","title":{"rendered":"TED 2 NO ES LO QUE ESPERABA AMANDA SEYFRIED"},"content":{"rendered":"<p>Al parecer, al director de cine Seth MacFarlane no le cost\u00f3 mucho trabajo convencer a Amanda Seyfried de participar en la nueva entrega de Ted 2, pero lo que muchos no sab\u00edan es que para la actriz dicha pel\u00edcula no result\u00f3 lo que esperaba.<\/p>\n<p>As\u00ed como lo lees, la actriz le confes\u00f3 al portal CinemaBlend que Seth MacFarlane originalmente hab\u00eda pensado en que la trama de la pel\u00edcula fuera que &#8216;John Bennett&#8217; (Mark Wahlberg) y &#8216;Ted&#8217; (Voz de Seth Mac Farlane) emprendieran un viaje en coche a trav\u00e9s de Estados Unidos.<\/p>\n<p>\u00abRecuerdo que me la vendieron como una &#8216;road movie&#8217;. Eso es lo que Seth me dijo cuando estaba escribiendo el gui\u00f3n, y es lo que pensaba cuando firm\u00e9\u00bb, afirm\u00f3 Amanda en entrevista.<\/p>\n<p>Pero cuando Seyfried finalmente recibi\u00f3 el gui\u00f3n terminado, se enter\u00f3 de que la pel\u00edcula hab\u00eda dado un giro inesperado y que la pel\u00edcula con dicha trama ya no se llevar\u00eda a cabo. Seg\u00fan explic\u00f3 la actriz, el viaje se convirti\u00f3 en un peque\u00f1o recorrido: \u00abResult\u00f3 que el viaje por carretera era entre Boston a Nueva York y yo pensaba &#8216;es un viaje de tres horas \u00a1Qu\u00e9 estupidez!'\u00bb<\/p>\n<p>Cabe subrayar que este cambio en el gui\u00f3n no impidi\u00f3 que Amanda Seyfried participara en la cinta en sustituci\u00f3n de Mila Kunis, quien fue pieza clave en el \u00e9xito de la primera entrega.<\/p>\n","protected":false},"excerpt":{"rendered":"<p>Al parecer, al director de cine Seth MacFarlane no le cost\u00f3 mucho trabajo convencer a Amanda Seyfried de participar en la nueva entrega de Ted 2, pero lo que muchos no sab\u00edan es que para la actriz dicha pel\u00edcula no result\u00f3 lo que esperaba. As\u00ed como lo lees, la actriz le confes\u00f3 al portal CinemaBlend [&hellip;]<\/p>\n","protected":false},"author":3,"featured_media":13526,"comment_status":"open","ping_status":"open","sticky":false,"template":"","format":"standard","meta":{"footnotes":""},"categories":[1],"tags":[],"class_list":["post-13525","post","type-post","status-publish","format-standard","has-post-thumbnail","hentry","category-entretenimiento"],"_links":{"self":[{"href":"https:\/\/2horizontes.com\/index.php?rest_route=\/wp\/v2\/posts\/13525","targetHints":{"allow":["GET"]}}],"collection":[{"href":"https:\/\/2horizontes.com\/index.php?rest_route=\/wp\/v2\/posts"}],"about":[{"href":"https:\/\/2horizontes.com\/index.php?rest_route=\/wp\/v2\/types\/post"}],"author":[{"embeddable":true,"href":"https:\/\/2horizontes.com\/index.php?rest_route=\/wp\/v2\/users\/3"}],"replies":[{"embeddable":true,"href":"https:\/\/2horizontes.com\/index.php?rest_route=%2Fwp%2Fv2%2Fcomments&post=13525"}],"version-history":[{"count":3,"href":"https:\/\/2horizontes.com\/index.php?rest_route=\/wp\/v2\/posts\/13525\/revisions"}],"predecessor-version":[{"id":13529,"href":"https:\/\/2horizontes.com\/index.php?rest_route=\/wp\/v2\/posts\/13525\/revisions\/13529"}],"wp:featuredmedia":[{"embeddable":true,"href":"https:\/\/2horizontes.com\/index.php?rest_route=\/wp\/v2\/media\/13526"}],"wp:attachment":[{"href":"https:\/\/2horizontes.com\/index.php?rest_route=%2Fwp%2Fv2%2Fmedia&parent=13525"}],"wp:term":[{"taxonomy":"category","embeddable":true,"href":"https:\/\/2horizontes.com\/index.php?rest_route=%2Fwp%2Fv2%2Fcategories&post=13525"},{"taxonomy":"post_tag","embeddable":true,"href":"https:\/\/2horizontes.com\/index.php?rest_route=%2Fwp%2Fv2%2Ftags&post=13525"}],"curies":[{"name":"wp","href":"https:\/\/api.w.org\/{rel}","templated":true}]}}