{"id":13509,"date":"2015-06-24T10:46:08","date_gmt":"2015-06-24T09:46:08","guid":{"rendered":"http:\/\/2horizontes.com\/?p=13509"},"modified":"2015-06-24T10:46:08","modified_gmt":"2015-06-24T09:46:08","slug":"uruguay-analiza-sector-lacteo-ante-cierre-de-operaciones-de-multinacionales","status":"publish","type":"post","link":"https:\/\/2horizontes.com\/?p=13509","title":{"rendered":"Uruguay analiza sector l\u00e1cteo ante cierre de operaciones de multinacionales"},"content":{"rendered":"<div id=\"ArticleAuthorDiv\" class=\"article-body-author\"><b>EFE<\/b><\/div>\n<div id=\"ArticleSourceDiv\" class=\"article-body-author\"><b>Montevideo<\/b><\/div>\n<div id=\"ArticleBody\">\n<p>El Gobierno uruguayo inform\u00f3 hoy que est\u00e1 \u00abestudiando al m\u00e1s alto nivel\u00bb la situaci\u00f3n del sector l\u00e1cteo despu\u00e9s del anuncio de dos multinacionales de cerrar sus operaciones en el pa\u00eds sin \u00abun proceso de transici\u00f3n\u00bb.<\/p>\n<p>El presidente Tabar\u00e9 V\u00e1zquez ha se\u00f1alado \u00abque a nivel de Gobierno estamos estudiando al m\u00e1s alto nivel la situaci\u00f3n del sector l\u00e1cteo que es coyuntural\u00bb, afirm\u00f3 el ministro de Trabajo, Ernesto Murro, tras una reuni\u00f3n con los gobernadores de los 19 departamentos del pa\u00eds.<\/p>\n<p>\u00abEstamos padeciendo situaciones que no son con causas nacionales sino internacionales que coyunturalmente est\u00e1n perjudic\u00e1ndonos\u00bb, agreg\u00f3.<\/p>\n<p>La semana pasada la procesadora de leche estadounidense Schreiber, instalada en el departamento de San Jos\u00e9, vecino de Montevideo, comunic\u00f3 al Gobierno su decisi\u00f3n de cerrar su operaci\u00f3n en el pa\u00eds.<\/p>\n<p>De acuerdo con Murro, un grupo interministerial se reunir\u00e1 ma\u00f1ana para tratar la situaci\u00f3n de la industria l\u00e1ctea en Uruguay puesto que es la segunda empresa internacional en anunciar el cese de sus actividades en ese sector en el territorio nacional.<\/p>\n<p>\u00abVeremos cu\u00e1l es la actitud que toma esta empresa porque este tipo de empresas internacionales, como reciben determinados beneficios del pa\u00eds para hacer sus inversiones y sus ganancias deber\u00edan tener ciertas contemplaciones\u00bb, asever\u00f3.<\/p>\n<p>En febrero, el grupo peruano Gloria inform\u00f3 el cierre de su filial uruguaya procesadora de leche, Ecolat, en el suroeste del pa\u00eds, y despidi\u00f3 a 400 empleados.<\/p>\n<p>\u00abUna empresa tiene el derecho de cerrar pero tiene tambi\u00e9n que ofrecer al pa\u00eds posibilidades, dar las suficientes garant\u00edas. Eso es lo que estamos solicitando a la empresa Schreiber, que d\u00e9 las garant\u00edas, que tenga la buena voluntad de permitir un proceso de transici\u00f3n\u00bb, afirm\u00f3 Murro a Efe.<\/p>\n<p>Ahora el Gobierno resalt\u00f3 su preocupaci\u00f3n respecto a los trabajadores de Schreiber y a la leche actualmente procesada por la multinacional estadounidense.<\/p>\n<p>\u00abTenemos un primer problema que son las 170 familias que han quedado sin trabajo y un segundo problema que es qu\u00e9 hacer con los 250.000 litros de leche que industrializaba Schreiber, un producto perecedero. No se pueden tirar 250.000 litros de leche diarios y no se le puede pedir a otras empresas nacionales que se hagan cargo de eso de un d\u00eda para el otro\u00bb, remarc\u00f3 el ministro del Trabajo.<\/p>\n<p>En ese sentido, Murro se\u00f1al\u00f3 que el Gobierno trabaja para promover \u00abel important\u00edsimo rol que el sector cooperativo cumple\u00bb y \u00ablas posibilidades de desarrollo que tiene\u00bb, pero no aclar\u00f3 si ser\u00eda una alternativa pensar un modelo de empresa autogestionada por los trabajadores.<\/p>\n<p>Por otro lado, el intendente de San Jos\u00e9, Jos\u00e9 Luis Falero, inform\u00f3 que ha solicitado una pr\u00f3rroga del cierre a la empresa estadounidense.<\/p>\n<p>\u00abNos reunimos en el d\u00eda de ayer y en particular hicimos una gesti\u00f3n que ya le transmitimos hoy al presidente y a los ministros para ver la posibilidad de prorrogar el plazo de retiro de la misma, que nos permita trabajar para la reubicaci\u00f3n de la producci\u00f3n y la situaci\u00f3n laboral de muchos funcionarios\u00bb, declar\u00f3.<\/p>\n<p>Seg\u00fan Falero, el Gobierno nacional ya hab\u00eda solicitado una pr\u00f3rroga que fue inicialmente rechazada por Schreiber.<\/p>\n<p>\u00abVolvimos a insistir como intendentes del departamento y por la vinculaci\u00f3n que ten\u00edamos con ellos esperamos una respuesta favorable, pero lo sabremos en la semana\u00bb, complet\u00f3.<\/p>\n<\/div>\n","protected":false},"excerpt":{"rendered":"<p>EFE Montevideo El Gobierno uruguayo inform\u00f3 hoy que est\u00e1 \u00abestudiando al m\u00e1s alto nivel\u00bb la situaci\u00f3n del sector l\u00e1cteo despu\u00e9s del anuncio de dos multinacionales de cerrar sus operaciones en el pa\u00eds sin \u00abun proceso de transici\u00f3n\u00bb. El presidente Tabar\u00e9 V\u00e1zquez ha se\u00f1alado \u00abque a nivel de Gobierno estamos estudiando al m\u00e1s alto nivel la [&hellip;]<\/p>\n","protected":false},"author":7,"featured_media":13510,"comment_status":"open","ping_status":"open","sticky":false,"template":"","format":"standard","meta":{"footnotes":""},"categories":[40,43],"tags":[],"class_list":["post-13509","post","type-post","status-publish","format-standard","has-post-thumbnail","hentry","category-internacionales","category-politica"],"_links":{"self":[{"href":"https:\/\/2horizontes.com\/index.php?rest_route=\/wp\/v2\/posts\/13509","targetHints":{"allow":["GET"]}}],"collection":[{"href":"https:\/\/2horizontes.com\/index.php?rest_route=\/wp\/v2\/posts"}],"about":[{"href":"https:\/\/2horizontes.com\/index.php?rest_route=\/wp\/v2\/types\/post"}],"author":[{"embeddable":true,"href":"https:\/\/2horizontes.com\/index.php?rest_route=\/wp\/v2\/users\/7"}],"replies":[{"embeddable":true,"href":"https:\/\/2horizontes.com\/index.php?rest_route=%2Fwp%2Fv2%2Fcomments&post=13509"}],"version-history":[{"count":2,"href":"https:\/\/2horizontes.com\/index.php?rest_route=\/wp\/v2\/posts\/13509\/revisions"}],"predecessor-version":[{"id":13512,"href":"https:\/\/2horizontes.com\/index.php?rest_route=\/wp\/v2\/posts\/13509\/revisions\/13512"}],"wp:featuredmedia":[{"embeddable":true,"href":"https:\/\/2horizontes.com\/index.php?rest_route=\/wp\/v2\/media\/13510"}],"wp:attachment":[{"href":"https:\/\/2horizontes.com\/index.php?rest_route=%2Fwp%2Fv2%2Fmedia&parent=13509"}],"wp:term":[{"taxonomy":"category","embeddable":true,"href":"https:\/\/2horizontes.com\/index.php?rest_route=%2Fwp%2Fv2%2Fcategories&post=13509"},{"taxonomy":"post_tag","embeddable":true,"href":"https:\/\/2horizontes.com\/index.php?rest_route=%2Fwp%2Fv2%2Ftags&post=13509"}],"curies":[{"name":"wp","href":"https:\/\/api.w.org\/{rel}","templated":true}]}}