{"id":1345,"date":"2014-06-09T13:53:55","date_gmt":"2014-06-09T13:53:55","guid":{"rendered":"http:\/\/2horizontes.com\/?p=1345"},"modified":"2014-06-09T13:58:23","modified_gmt":"2014-06-09T13:58:23","slug":"el-rey-juan-carlos-se-despide-de-militares","status":"publish","type":"post","link":"https:\/\/2horizontes.com\/?p=1345","title":{"rendered":"El rey Juan Carlos se despide de militares"},"content":{"rendered":"<div id=\"attachment_1346\" style=\"width: 310px\" class=\"wp-caption alignleft\"><img loading=\"lazy\" decoding=\"async\" aria-describedby=\"caption-attachment-1346\" class=\"wp-image-1346 size-medium\" src=\"http:\/\/2horizontes.com\/wp-content\/uploads\/2014\/06\/REYES-Y-PRINCIPES-300x225.jpeg\" alt=\"REYES Y PRINCIPES\" width=\"300\" height=\"225\" srcset=\"https:\/\/2horizontes.com\/wp-content\/uploads\/2014\/06\/REYES-Y-PRINCIPES-300x225.jpeg 300w, https:\/\/2horizontes.com\/wp-content\/uploads\/2014\/06\/REYES-Y-PRINCIPES-510x383.jpeg 510w, https:\/\/2horizontes.com\/wp-content\/uploads\/2014\/06\/REYES-Y-PRINCIPES.jpeg 612w\" sizes=\"auto, (max-width: 300px) 100vw, 300px\" \/><p id=\"caption-attachment-1346\" class=\"wp-caption-text\">Los Reyes, acompa\u00f1ados por los Pr\u00edncipes de Asturias, durante la recepci\u00f3n que se ofreci\u00f3 en el Palacio Real con motivo del D\u00eda de las Fuerzas Armadas. Fuente Externa.<\/p><\/div>\n<p><strong>EFE. Madrid<\/strong>.- El rey Juan Carlos I de Espa\u00f1a presidi\u00f3 ayer los actos del D\u00eda de las Fuerzas Armadas, de las que se despidi\u00f3 como jefe supremo de los ej\u00e9rcitos, jefatura en la que ser\u00e1 reemplazado en los pr\u00f3ximos d\u00edas por su hijo el pr\u00edncipe Felipe, tras anunciar su abdicaci\u00f3n.<\/p>\n<p>Acompa\u00f1ado de la reina Sof\u00eda y los pr\u00edncipes de Asturias, el monarca presidi\u00f3 un homenaje a los ca\u00eddos, seguido de un desfile en el que participaron unos 500 militares y posteriormente asisti\u00f3 a una recepci\u00f3n en el Palacio Real, donde se prev\u00e9 que dentro de 10 d\u00edas firme firmar\u00e1 la ley org\u00e1nica de su abdicaci\u00f3n, despu\u00e9s de que sea aprobada por el Parlamento.<\/p>\n<p>Se trata de la primera vez en la que comparecieron juntos los reyes y los pr\u00edncipes en una acto tras el anuncio de abdicaci\u00f3n del monarca el pasado lunes.<\/p>\n<p>Durante los actos en honor de las Fuerzas Armadas, el rey se mostr\u00f3 relajado y sonriente mientras salud\u00f3 a los 180 invitados a la recepci\u00f3n, al igual que lo hicieron la reina Sof\u00eda y los futuros reyes de Espa\u00f1a.<\/p>\n<p>Varios cientos de personas han recibido con aplausos y gritos de \u201cvivas\u201d a los Reyes y los Pr\u00edncipes a su llegada a la madrile\u00f1a plaza de la Lealtad para presidir el acto central del D\u00eda de las Fuerzas Armadas de homenaje a los ca\u00eddos.<\/p>\n<p>Los ministros de Defensa, Pedro Moren\u00e9s, y de Interior, Jorge Fern\u00e1ndez D\u00edaz, asistieron tambi\u00e9n a los actos, as\u00ed como la c\u00fapula militar al completo, encabezada por el jefe de Estado Mayor de la Defensa, almirante general Fernando Garc\u00eda S\u00e1nchez.<\/p>\n<p>Est\u00e1 previsto que el pr\u00edncipe de Asturias sea proclamado rey Felipe VI el pr\u00f3ximo 19 de junio, en que reemplazar\u00e1 a su padre como jefe de Estado de Espa\u00f1a y jefe supremo de las Fuerzas Armadas.<\/p>\n<p>Sondeo de El Pa\u00eds<br \/>\nLa mayor\u00eda de los espa\u00f1oles quiere un refer\u00e9ndum sobre el futuro de la monarqu\u00eda, seg\u00fan un sondeo publicado ayer por el diario El Pa\u00eds. Un 62% estar\u00eda a favor de convocar \u201cen alg\u00fan momento\u201d un refer\u00e9ndum para decidir por seguir con la monarqu\u00eda o vover a ser una rep\u00fablica. Un 49% elegir\u00eda una monarqu\u00eda con Felipe como rey, frente al 36% que optar\u00eda por un Rep\u00fablica.<\/p>\n","protected":false},"excerpt":{"rendered":"<p>EFE. Madrid.- El rey Juan Carlos I de Espa\u00f1a presidi\u00f3 ayer los actos del D\u00eda de las Fuerzas Armadas, de las que se despidi\u00f3 como jefe supremo de los ej\u00e9rcitos, jefatura en la que ser\u00e1 reemplazado en los pr\u00f3ximos d\u00edas por su hijo el pr\u00edncipe Felipe, tras anunciar su abdicaci\u00f3n. Acompa\u00f1ado de la reina Sof\u00eda [&hellip;]<\/p>\n","protected":false},"author":1,"featured_media":0,"comment_status":"open","ping_status":"open","sticky":false,"template":"","format":"standard","meta":{"footnotes":""},"categories":[1],"tags":[],"class_list":["post-1345","post","type-post","status-publish","format-standard","hentry","category-entretenimiento"],"_links":{"self":[{"href":"https:\/\/2horizontes.com\/index.php?rest_route=\/wp\/v2\/posts\/1345","targetHints":{"allow":["GET"]}}],"collection":[{"href":"https:\/\/2horizontes.com\/index.php?rest_route=\/wp\/v2\/posts"}],"about":[{"href":"https:\/\/2horizontes.com\/index.php?rest_route=\/wp\/v2\/types\/post"}],"author":[{"embeddable":true,"href":"https:\/\/2horizontes.com\/index.php?rest_route=\/wp\/v2\/users\/1"}],"replies":[{"embeddable":true,"href":"https:\/\/2horizontes.com\/index.php?rest_route=%2Fwp%2Fv2%2Fcomments&post=1345"}],"version-history":[{"count":1,"href":"https:\/\/2horizontes.com\/index.php?rest_route=\/wp\/v2\/posts\/1345\/revisions"}],"predecessor-version":[{"id":1347,"href":"https:\/\/2horizontes.com\/index.php?rest_route=\/wp\/v2\/posts\/1345\/revisions\/1347"}],"wp:attachment":[{"href":"https:\/\/2horizontes.com\/index.php?rest_route=%2Fwp%2Fv2%2Fmedia&parent=1345"}],"wp:term":[{"taxonomy":"category","embeddable":true,"href":"https:\/\/2horizontes.com\/index.php?rest_route=%2Fwp%2Fv2%2Fcategories&post=1345"},{"taxonomy":"post_tag","embeddable":true,"href":"https:\/\/2horizontes.com\/index.php?rest_route=%2Fwp%2Fv2%2Ftags&post=1345"}],"curies":[{"name":"wp","href":"https:\/\/api.w.org\/{rel}","templated":true}]}}