{"id":1329,"date":"2014-06-08T07:50:41","date_gmt":"2014-06-08T07:50:41","guid":{"rendered":"http:\/\/2horizontes.com\/?p=1329"},"modified":"2014-06-08T07:58:59","modified_gmt":"2014-06-08T07:58:59","slug":"el-papa-le-manifiesta-a-pena-nieto-su-preocupacion-por-los-migrantes","status":"publish","type":"post","link":"https:\/\/2horizontes.com\/?p=1329","title":{"rendered":"El Papa le manifiesta a Pe\u00f1a Nieto su preocupaci\u00f3n por los migrantes"},"content":{"rendered":"<p>Ciudad del Vaticano.- <a href=\"http:\/\/2horizontes.com\/wp-content\/uploads\/2014\/06\/pena-nieto-y-el-papa-7_655x438.jpg\"><img loading=\"lazy\" decoding=\"async\" class=\"alignleft size-medium wp-image-1330\" src=\"http:\/\/2horizontes.com\/wp-content\/uploads\/2014\/06\/pena-nieto-y-el-papa-7_655x438-300x200.jpg\" alt=\"pena-nieto-y-el-papa-7_655x438\" width=\"300\" height=\"200\" srcset=\"https:\/\/2horizontes.com\/wp-content\/uploads\/2014\/06\/pena-nieto-y-el-papa-7_655x438-300x200.jpg 300w, https:\/\/2horizontes.com\/wp-content\/uploads\/2014\/06\/pena-nieto-y-el-papa-7_655x438-510x341.jpg 510w, https:\/\/2horizontes.com\/wp-content\/uploads\/2014\/06\/pena-nieto-y-el-papa-7_655x438-624x417.jpg 624w, https:\/\/2horizontes.com\/wp-content\/uploads\/2014\/06\/pena-nieto-y-el-papa-7_655x438.jpg 655w\" sizes=\"auto, (max-width: 300px) 100vw, 300px\" \/><\/a>El papa Francisco y el presidente de M\u00e9xico, Enrique Pe\u00f1a Nieto, se reunieron en el Vaticano durante 25 minutos y dialogaron sobre diversos temas, como la pobreza, el narcotr\u00e1fico y en especial en desamparo que reciben los indocumentados en su paso por M\u00e9xico rumbo a Estados Unidos.<\/p>\n<p>&nbsp;<br \/>\n<em><strong>\u201cEl Papa analiz\u00f3 problemas como el del tr\u00e1nsito clandestino de la frontera con EEUU\u201d<\/strong><\/em><\/p>\n<p>&nbsp;<br \/>\nAl respecto, luego de la reuni\u00f3n privada, el presidente Enrique Pe\u00f1a Nieto dijo que se comprometi\u00f3 con el Papa a promover un trato adecuado a los indocumentados, asimismo, el Vaticano inform\u00f3 en una nota que durante la charla, que transcurri\u00f3 \u00aben un clima de cordialidad\u00bb.<\/p>\n<p>&nbsp;<\/p>\n<p><strong><em>La reuni\u00f3n dur\u00f3 cerca de media hora y tuvo lugar en la Biblioteca del Palacio Apost\u00f3lico.<\/em><\/strong><br \/>\nPor \u00faltimo, tambi\u00e9n hubo un intercambio de opiniones sobre temas relativos a la actualidad regional e internacional.<br \/>\nEn el encuentro privado, el Pont\u00edfice y el mandatario mexicano se otorgaron regalos como muestra de respeto.<\/p>\n<p>&nbsp;<br \/>\nPe\u00f1a Nieto lleg\u00f3 al Vaticano procedente de Portugal, en el marco de su gira por Europa, y la de hoy fue la primera reuni\u00f3n con el pont\u00edfice ya que el 19 de noviembre de 2013 el presidente mexicano asisti\u00f3 a la misa de inicio de pontificado del papa, pero en esa ocasi\u00f3n s\u00f3lo le salud\u00f3 como el resto de Jefes de Estado y de Gobierno tras la ceremonia.<\/p>\n<p>&nbsp;<br \/>\nLa reuni\u00f3n se produce en un momento en el que Francisco est\u00e1 muy bien informado de la situaci\u00f3n en M\u00e9xico ya que a finales de mayo recibi\u00f3 a m\u00e1s de 100 obispos mexicanos en la tradicional visita \u00abad limina\u00bb, la que hacen las Conferencias Episcopales al Vaticano cada cinco a\u00f1os.<\/p>\n<p>&nbsp;<br \/>\n<em><strong>FOTOS: \u00bfQu\u00e9 le regal\u00f3 Pe\u00f1a Nieto al Papa?<\/strong> <\/em><br \/>\nEn aquella ocasi\u00f3n el papa analiz\u00f3 con los prelados mexicanos problemas como el del tr\u00e1nsito clandestino de la frontera con Estados Unidos, los secuestros y el narcotr\u00e1fico.<\/p>\n<p>&nbsp;<br \/>\nTras el encuentro privado y en un clima cordial Pe\u00f1a Nieto fue presentando a su delegaci\u00f3n formada por 17 personas y entre estas su mujer Ang\u00e9lica Rivera de Pe\u00f1a, y los tres hijos de su anterior matrimonio; su hermano y su sobrina.<\/p>\n<p>&nbsp;<br \/>\nDurante el momento del intercambio de regalos, Pe\u00f1a Nieto entreg\u00f3 al papa una imagen de madera de unos 40 cent\u00edmetros de la virgen de Guadalupe y le record\u00f3 que era \u00abreina de m\u00e9xico y emperatriz de Am\u00e9rica\u00bb.<\/p>\n<p>&nbsp;<br \/>\nTambi\u00e9n y explicando que hab\u00eda notado que \u00abestaba de moda\u00bb, el presidente mexicano le entreg\u00f3 la camiseta verde de la selecci\u00f3n mexicana que disputar\u00e1 el Mundial de Brasil firmada por los jugadores.<\/p>\n<p>&nbsp;<br \/>\nPor su parte, el papa le entreg\u00f3 un medall\u00f3n en bronce que representaba uno de los proyectos de la bas\u00edlica de San Pedro y su exhortaci\u00f3n apost\u00f3lica \u00abEvangelii Gaudium\u00bb.<\/p>\n<p>&nbsp;<br \/>\nPe\u00f1a Nieto despu\u00e9s mantuvo un encuentro con el secretario de Estado vaticano, Pietro Parolin, y almorz\u00f3 con el presidente de la Gobernaci\u00f3n del Estado de la Ciudad del Vaticano, el cardenal Giuseppe Bertello, que fue nuncio en M\u00e9xico.<br \/>\n\u00a9Univision.com<\/p>\n","protected":false},"excerpt":{"rendered":"<p>Ciudad del Vaticano.- El papa Francisco y el presidente de M\u00e9xico, Enrique Pe\u00f1a Nieto, se reunieron en el Vaticano durante 25 minutos y dialogaron sobre diversos temas, como la pobreza, el narcotr\u00e1fico y en especial en desamparo que reciben los indocumentados en su paso por M\u00e9xico rumbo a Estados Unidos. &nbsp; \u201cEl Papa analiz\u00f3 problemas [&hellip;]<\/p>\n","protected":false},"author":1,"featured_media":0,"comment_status":"open","ping_status":"open","sticky":false,"template":"","format":"standard","meta":{"footnotes":""},"categories":[1],"tags":[],"class_list":["post-1329","post","type-post","status-publish","format-standard","hentry","category-entretenimiento"],"_links":{"self":[{"href":"https:\/\/2horizontes.com\/index.php?rest_route=\/wp\/v2\/posts\/1329","targetHints":{"allow":["GET"]}}],"collection":[{"href":"https:\/\/2horizontes.com\/index.php?rest_route=\/wp\/v2\/posts"}],"about":[{"href":"https:\/\/2horizontes.com\/index.php?rest_route=\/wp\/v2\/types\/post"}],"author":[{"embeddable":true,"href":"https:\/\/2horizontes.com\/index.php?rest_route=\/wp\/v2\/users\/1"}],"replies":[{"embeddable":true,"href":"https:\/\/2horizontes.com\/index.php?rest_route=%2Fwp%2Fv2%2Fcomments&post=1329"}],"version-history":[{"count":4,"href":"https:\/\/2horizontes.com\/index.php?rest_route=\/wp\/v2\/posts\/1329\/revisions"}],"predecessor-version":[{"id":1334,"href":"https:\/\/2horizontes.com\/index.php?rest_route=\/wp\/v2\/posts\/1329\/revisions\/1334"}],"wp:attachment":[{"href":"https:\/\/2horizontes.com\/index.php?rest_route=%2Fwp%2Fv2%2Fmedia&parent=1329"}],"wp:term":[{"taxonomy":"category","embeddable":true,"href":"https:\/\/2horizontes.com\/index.php?rest_route=%2Fwp%2Fv2%2Fcategories&post=1329"},{"taxonomy":"post_tag","embeddable":true,"href":"https:\/\/2horizontes.com\/index.php?rest_route=%2Fwp%2Fv2%2Ftags&post=1329"}],"curies":[{"name":"wp","href":"https:\/\/api.w.org\/{rel}","templated":true}]}}