{"id":13211,"date":"2015-06-22T14:45:25","date_gmt":"2015-06-22T13:45:25","guid":{"rendered":"http:\/\/2horizontes.com\/?p=13211"},"modified":"2015-06-22T14:45:25","modified_gmt":"2015-06-22T13:45:25","slug":"mescyt-abre-convocatoria-a-investigaciones","status":"publish","type":"post","link":"https:\/\/2horizontes.com\/?p=13211","title":{"rendered":"MESCyT abre convocatoria a investigaciones"},"content":{"rendered":"<p>RD-SANTO DPMINGO-El Ministerio de Educaci\u00f3n Superior, Ciencia y Tecnolog\u00eda (MESCyT) abri\u00f3 la convocatoria anual para el financiamiento de propuestas de investigaci\u00f3n cient\u00edfica e innovaci\u00f3n tecnol\u00f3gica a trav\u00e9s del Fondo Nacional de Innovaci\u00f3n y Desarrollo Cient\u00edfico y Tecnol\u00f3gico (Fondocyt 2015).<\/p>\n<p>La ministra de Educaci\u00f3n Superior, Ligia Amada Melo, inform\u00f3 que la convocatoria estar\u00e1 abierta desde la \u00faltima semana de este mes hasta el 30 de agosto pr\u00f3ximo para que los investigadores, universidades, institutos y empresas interesados presenten sus respectivas propuestas.<\/p>\n<p>Para esta convocatoria se ha considerado como \u00e1reas prioritarias: salud y biomedicina, medio ambiente y recursos naturales, ciencias b\u00e1sicas, biotecnolog\u00eda y recursos, producci\u00f3n sostenible, seguridad alimentaria e innovaci\u00f3n productiva.<\/p>\n<p>Desde la primera convocatoria en 2005 hasta el 2014 se han aprobado 256 proyectos de investigaci\u00f3n en \u00e1reas de medicina, biotecnolog\u00eda, biodiesel, energ\u00eda y alimentos, entre otros.<\/p>\n<p>La ministra de Educaci\u00f3n Superior exhort\u00f3 a estudiantes, profesores e investigadores a interesarse por la investigaci\u00f3n e innovaci\u00f3n, y presentar sus proyectos.<\/p>\n<p>Record\u00f3 que el Fondocyt fue instituido en la Ley 139-01 como una herramienta estrat\u00e9gica para promover el desarrollo cient\u00edfico y tecnol\u00f3gico del pa\u00eds y la innovaci\u00f3n productiva en los sectores claves para el desarrollo econ\u00f3mico del pa\u00eds, y el bienestar general de la sociedad dominicana.<\/p>\n<p>El anuncio se hizo durante la clausura del XI Congreso Internacional de Investigaci\u00f3n Cient\u00edfica, evento que cont\u00f3 con 479 presentaciones, 216 nacionales y 263 extranjeras, con la participaci\u00f3n de cient\u00edficos de m\u00e1s de 30 pa\u00edses.<\/p>\n","protected":false},"excerpt":{"rendered":"<p>RD-SANTO DPMINGO-El Ministerio de Educaci\u00f3n Superior, Ciencia y Tecnolog\u00eda (MESCyT) abri\u00f3 la convocatoria anual para el financiamiento de propuestas de investigaci\u00f3n cient\u00edfica e innovaci\u00f3n tecnol\u00f3gica a trav\u00e9s del Fondo Nacional de Innovaci\u00f3n y Desarrollo Cient\u00edfico y Tecnol\u00f3gico (Fondocyt 2015). La ministra de Educaci\u00f3n Superior, Ligia Amada Melo, inform\u00f3 que la convocatoria estar\u00e1 abierta desde la [&hellip;]<\/p>\n","protected":false},"author":8,"featured_media":13212,"comment_status":"open","ping_status":"open","sticky":false,"template":"","format":"standard","meta":{"footnotes":""},"categories":[55,44],"tags":[],"class_list":["post-13211","post","type-post","status-publish","format-standard","has-post-thumbnail","hentry","category-educacion","category-republica-dominicana"],"_links":{"self":[{"href":"https:\/\/2horizontes.com\/index.php?rest_route=\/wp\/v2\/posts\/13211","targetHints":{"allow":["GET"]}}],"collection":[{"href":"https:\/\/2horizontes.com\/index.php?rest_route=\/wp\/v2\/posts"}],"about":[{"href":"https:\/\/2horizontes.com\/index.php?rest_route=\/wp\/v2\/types\/post"}],"author":[{"embeddable":true,"href":"https:\/\/2horizontes.com\/index.php?rest_route=\/wp\/v2\/users\/8"}],"replies":[{"embeddable":true,"href":"https:\/\/2horizontes.com\/index.php?rest_route=%2Fwp%2Fv2%2Fcomments&post=13211"}],"version-history":[{"count":1,"href":"https:\/\/2horizontes.com\/index.php?rest_route=\/wp\/v2\/posts\/13211\/revisions"}],"predecessor-version":[{"id":13213,"href":"https:\/\/2horizontes.com\/index.php?rest_route=\/wp\/v2\/posts\/13211\/revisions\/13213"}],"wp:featuredmedia":[{"embeddable":true,"href":"https:\/\/2horizontes.com\/index.php?rest_route=\/wp\/v2\/media\/13212"}],"wp:attachment":[{"href":"https:\/\/2horizontes.com\/index.php?rest_route=%2Fwp%2Fv2%2Fmedia&parent=13211"}],"wp:term":[{"taxonomy":"category","embeddable":true,"href":"https:\/\/2horizontes.com\/index.php?rest_route=%2Fwp%2Fv2%2Fcategories&post=13211"},{"taxonomy":"post_tag","embeddable":true,"href":"https:\/\/2horizontes.com\/index.php?rest_route=%2Fwp%2Fv2%2Ftags&post=13211"}],"curies":[{"name":"wp","href":"https:\/\/api.w.org\/{rel}","templated":true}]}}