{"id":1321,"date":"2014-06-08T07:24:52","date_gmt":"2014-06-08T07:24:52","guid":{"rendered":"http:\/\/2horizontes.com\/?p=1321"},"modified":"2014-06-08T07:31:11","modified_gmt":"2014-06-08T07:31:11","slug":"el-tablero-de-juego-ha-cambiado-el-fin-de-los-privilegios","status":"publish","type":"post","link":"https:\/\/2horizontes.com\/?p=1321","title":{"rendered":"El tablero de juego ha cambiado: el fin de los privilegios"},"content":{"rendered":"<p><strong>Por. Fernando Ntutumu Sanchis<\/strong><\/p>\n<blockquote>\n<div id=\"attachment_1322\" style=\"width: 310px\" class=\"wp-caption alignleft\"><img loading=\"lazy\" decoding=\"async\" aria-describedby=\"caption-attachment-1322\" class=\"wp-image-1322 size-medium\" src=\"http:\/\/2horizontes.com\/wp-content\/uploads\/2014\/06\/ferando-300x300.jpg\" alt=\"ferando\" width=\"300\" height=\"300\" srcset=\"https:\/\/2horizontes.com\/wp-content\/uploads\/2014\/06\/ferando-300x300.jpg 300w, https:\/\/2horizontes.com\/wp-content\/uploads\/2014\/06\/ferando-510x510.jpg 510w, https:\/\/2horizontes.com\/wp-content\/uploads\/2014\/06\/ferando.jpg 540w\" sizes=\"auto, (max-width: 300px) 100vw, 300px\" \/><p id=\"caption-attachment-1322\" class=\"wp-caption-text\">Fernando Ntutumu Sanchis, polit\u00f3logo y coordinador del grupo Afro Socialista del PSPV-PSOE. @ntutumu.<\/p><\/div>\n<p><strong>En una \u00e9poca de incertidumbre, de cambios constantes y terremotos pol\u00edticos, algunos se atreven (nos atrevemos) a tratar de leer la realidad.<\/strong><\/p><\/blockquote>\n<p>Que el Partido Socialista Obrero Espa\u00f1ol (PSOE), se encuentra en una situaci\u00f3n de decadencia (que no tiene porque ser irreversible) en todos los sentidos es algo que ve\u00edamos desde hace bastante tiempo \u2013demasiado tiempo dir\u00eda yo. Que en Espa\u00f1a hab\u00eda una corriente muy grande -por no decir mayoritaria- de indignados e indignadas, tambi\u00e9n era algo evidente. La sorpresa ha sido que de la indignaci\u00f3n se haya transitado a la acci\u00f3n, ya que no siempre sucede as\u00ed. Espa\u00f1a lleva desde 2011 indignada y levantando el pu\u00f1o para golpear la mesa. En 2014, en concreto el 25 de mayo de 2014, el pu\u00f1o ha contactado con la mesa y ha sacudido todo lo que hab\u00eda encima: privilegios. Esta es mi lectura.<\/p>\n<p>El Rey abdicaba en su hijo Felipe VI. Estoy convencido de que en estos momentos Juan Carlos se arrepentir\u00e1 de no haberlo hecho antes, ya que ha ido a hacerlo en el momento en el que la ventana de oportunidad para la III Rep\u00fablica, tras el resultado de Podemos e Izquierda Unida en las elecciones europeas, es m\u00e1s evidente. Juan Carlos ha abdicado en el momento en el que se est\u00e1 produciendo un claro auge de la indignaci\u00f3n y de fe en las posibilidades de cambio. \u00bfPor qu\u00e9 no lo har\u00eda antes, cuando lo ten\u00edamos todo bajo control? -se preguntar\u00e1.<\/p>\n<p>Se est\u00e1 llevando a cabo una revoluci\u00f3n moderna que busca el fin de los privilegios. El fin de los privilegios pol\u00edticos.<br \/>\nCuando leo las noticias, escucho a gente indignada y me escucho a m\u00ed mismo, no puedo evitar hacer una comparaci\u00f3n con lo que sucedi\u00f3 en la Revoluci\u00f3n Francesa. Durante dicha revoluci\u00f3n y durante las revoluciones liberales que lo siguieron, m\u00e1s all\u00e1 del establecimiento de unas ideas liberales de derechos y libertades, se produjo un cambio cualitativo: el fin de los privilegios.<\/p>\n<p>Destaco la palabra fin porque ser\u00eda incoherente hablar de un fin absoluto de los privilegios cuando precisamente mi lectura del asunto es que hoy en d\u00eda, en Espa\u00f1a, se est\u00e1 llevando a cabo una revoluci\u00f3n moderna que busca eso mismo: el fin de los privilegios. Hoy en d\u00eda no se habla del fin de los privilegios de la nobleza, sino del fin de los privilegios pol\u00edticos. Esa es, en mi opini\u00f3n, la variable explicativa fundamental al espectacular crecimiento de Podemos. Vieja pol\u00edtica versus nueva pol\u00edtica; nobleza privilegiada versus burgues\u00eda; la casta (minor\u00eda incluso dentro de los pol\u00edticos) frente al pueblo (mayor\u00eda incluso dentro de los pol\u00edticos).<\/p>\n<p>&nbsp;<br \/>\nEl apoyo electoral a Podemos no s\u00f3lo lanza un mensaje de \u201cqueremos un paso a la izquierda\u201d, ya que, de ser as\u00ed, habr\u00edan apoyado a la izquierda tradicional representada en IU. Tambi\u00e9n lanza el mensaje de la necesidad de dar un paso hacia abajo, hacia la realidad diaria de sus ciudadanos. Me explico: se percibe a los pol\u00edticos y a la casta pol\u00edtica subida en una especie de plataforma bastante por encima del nivel de la calle. Y eso indigna. Indignan, no s\u00f3lo los recortes sino tambi\u00e9n los privilegios.<\/p>\n<p>Indignan, no s\u00f3lo los recortes sino tambi\u00e9n los privilegios. El Partido Socialista ha de dar un giro a la izquierda, pero, si se queda en s\u00f3lo eso, ser\u00e1 insuficiente. En el proceso constituyente imprescindible para la supervivencia de los partidos pol\u00edticos como el PSOE, en mi opini\u00f3n se ha de tener muy en cuenta esta lectura que aqu\u00ed hago. Muchos critican que el Partido Socialista ha de dar un giro a la izquierda, pero eso ser\u00eda insuficiente. La grand\u00edsima mayor\u00eda de los afiliados al partido, as\u00ed como de los simpatizantes e incluso votantes del mismo, son incuestionablemente de izquierdas. El problema no son estos, sino la casta.<\/p>\n<p>Cuando hablo de casta no me refiero a todos los altos cargos del partido. No todos lo son. Me refiero, por el contrario, a todos esos cargos que hacen uso de los privilegios que un sistema de valores y leyes caducas permiten a los pol\u00edticos -l\u00e9ase unas condiciones de jubilaci\u00f3n extraordinarias, nivel de vida muy por encima de lo verdaderamente necesario, protecci\u00f3n ante la Justicia, monarqu\u00eda parlamentaria como forma de gobierno, etc.<\/p>\n<p>&nbsp;<\/p>\n<p>En conclusi\u00f3n: se ha de producir una transici\u00f3n de r\u00e9gimen, ya que el tablero de juego ha cambiado; se ha introducido una nueva dimensi\u00f3n pol\u00edtica que se sit\u00faa, no s\u00f3lo en el eje izquierda-derecha, sino tambi\u00e9n en el de arriba-abajo (privilegiados-no privilegiados). Esta transici\u00f3n que se demanda no significa que la gente ahora sea m\u00e1s de izquierdas (aunque habr\u00e1 que esperar a la actualizaci\u00f3n de los datos del CIS). El cambio cualitativo es que la gente, sea de izquierdas o de derechas, no est\u00e1 dispuesta a tolerar privilegios durante m\u00e1s tiempo. Privilegios de unos pocos incluso entre los que practicamos la pol\u00edtica pero, al fin y al cabo, privilegios.<\/p>\n","protected":false},"excerpt":{"rendered":"<p>Por. Fernando Ntutumu Sanchis En una \u00e9poca de incertidumbre, de cambios constantes y terremotos pol\u00edticos, algunos se atreven (nos atrevemos) a tratar de leer la realidad. Que el Partido Socialista Obrero Espa\u00f1ol (PSOE), se encuentra en una situaci\u00f3n de decadencia (que no tiene porque ser irreversible) en todos los sentidos es algo que ve\u00edamos desde [&hellip;]<\/p>\n","protected":false},"author":1,"featured_media":0,"comment_status":"open","ping_status":"open","sticky":false,"template":"","format":"standard","meta":{"footnotes":""},"categories":[1],"tags":[],"class_list":["post-1321","post","type-post","status-publish","format-standard","hentry","category-entretenimiento"],"_links":{"self":[{"href":"https:\/\/2horizontes.com\/index.php?rest_route=\/wp\/v2\/posts\/1321","targetHints":{"allow":["GET"]}}],"collection":[{"href":"https:\/\/2horizontes.com\/index.php?rest_route=\/wp\/v2\/posts"}],"about":[{"href":"https:\/\/2horizontes.com\/index.php?rest_route=\/wp\/v2\/types\/post"}],"author":[{"embeddable":true,"href":"https:\/\/2horizontes.com\/index.php?rest_route=\/wp\/v2\/users\/1"}],"replies":[{"embeddable":true,"href":"https:\/\/2horizontes.com\/index.php?rest_route=%2Fwp%2Fv2%2Fcomments&post=1321"}],"version-history":[{"count":6,"href":"https:\/\/2horizontes.com\/index.php?rest_route=\/wp\/v2\/posts\/1321\/revisions"}],"predecessor-version":[{"id":1328,"href":"https:\/\/2horizontes.com\/index.php?rest_route=\/wp\/v2\/posts\/1321\/revisions\/1328"}],"wp:attachment":[{"href":"https:\/\/2horizontes.com\/index.php?rest_route=%2Fwp%2Fv2%2Fmedia&parent=1321"}],"wp:term":[{"taxonomy":"category","embeddable":true,"href":"https:\/\/2horizontes.com\/index.php?rest_route=%2Fwp%2Fv2%2Fcategories&post=1321"},{"taxonomy":"post_tag","embeddable":true,"href":"https:\/\/2horizontes.com\/index.php?rest_route=%2Fwp%2Fv2%2Ftags&post=1321"}],"curies":[{"name":"wp","href":"https:\/\/api.w.org\/{rel}","templated":true}]}}