{"id":1316,"date":"2014-06-08T07:09:19","date_gmt":"2014-06-08T07:09:19","guid":{"rendered":"http:\/\/2horizontes.com\/?p=1316"},"modified":"2014-06-08T07:11:47","modified_gmt":"2014-06-08T07:11:47","slug":"lideres-le-solicitan-a-obama-detener-las-deportaciones-en-ee-uu","status":"publish","type":"post","link":"https:\/\/2horizontes.com\/?p=1316","title":{"rendered":"L\u00edderes solicitan a Obama detener las deportaciones en EE.UU."},"content":{"rendered":"<div id=\"attachment_1317\" style=\"width: 310px\" class=\"wp-caption alignleft\"><a href=\"http:\/\/2horizontes.com\/wp-content\/uploads\/2014\/06\/obama.jpeg\"><img loading=\"lazy\" decoding=\"async\" aria-describedby=\"caption-attachment-1317\" class=\"wp-image-1317 size-medium\" src=\"http:\/\/2horizontes.com\/wp-content\/uploads\/2014\/06\/obama-300x205.jpeg\" alt=\"obama\" width=\"300\" height=\"205\" srcset=\"https:\/\/2horizontes.com\/wp-content\/uploads\/2014\/06\/obama-300x205.jpeg 300w, https:\/\/2horizontes.com\/wp-content\/uploads\/2014\/06\/obama-510x348.jpeg 510w, https:\/\/2horizontes.com\/wp-content\/uploads\/2014\/06\/obama-624x426.jpeg 624w, https:\/\/2horizontes.com\/wp-content\/uploads\/2014\/06\/obama.jpeg 673w\" sizes=\"auto, (max-width: 300px) 100vw, 300px\" \/><\/a><p id=\"caption-attachment-1317\" class=\"wp-caption-text\">Fuente Externa.<\/p><\/div>\n<p><strong>EFE. <\/strong><strong>Charlotte (EE.UU.).- <\/strong>L\u00edderes dem\u00f3cratas de Carolina del Norte urgieron ayer al presidente de EE.UU., Barack Obama, utilizar su poder ejecutivo para detener las deportaciones y extender los beneficios de la Acci\u00f3n Diferida al resto de grupos de indocumentados que residen en el pa\u00eds.<\/p>\n<p>M\u00e1s de 500 delegados reunidos el s\u00e1bado en la capital del estado, Raleigh, votaron a favor de una resoluci\u00f3n que exige a Obama que evite las separaci\u00f3n familiar de los inmigrantes por medio de una orden ejecutiva, tal como hizo con los inmigrantes menores de 30 a\u00f1os que llegaron a EE.UU. cuando eran ni\u00f1os y son eximidos de la deportaci\u00f3n bajo el programa de Acci\u00f3n Diferida (DACA).<\/p>\n<p>El grupo \u00abDream Organizing Network\u00bb (DON), con sede en Charlotte, fue el promotor de la propuesta al iniciar hace tres meses una campa\u00f1a de presi\u00f3n a los diferentes cap\u00edtulos locales del Partido Dem\u00f3crata de este estado, con miras a que sumen su apoyo a esta resoluci\u00f3n.<\/p>\n<p>DON, en colaboraci\u00f3n con el grupo El Cambio de Yadkinville, en el norte del estado, redactaron la resoluci\u00f3n \u00abNo podemos esperar\u00bb, que ha hab\u00eda sido adoptada previamente en los condados Mecklenburg, Union, Yadkin, Davy y Davidson.<\/p>\n<p>Con ese voto, el Partido Dem\u00f3crata de Carolina del Norte se convierte en el primero de la naci\u00f3n que adopta una resoluci\u00f3n de esa naturaleza.<\/p>\n<p>En una conferencia de prensa celebrada el s\u00e1bado en las afueras del Centro de Convenciones de Raleigh, en donde se reunieron los dem\u00f3cratas, miembros de DON resaltaron la urgencia de una acci\u00f3n ejecutiva por parte de Obama.<\/p>\n<p>\u00abEn los estados de Florida, Texas y Washington piensan hacer lo mismo. Hay que crear un efecto domin\u00f3 y as\u00ed ejercer m\u00e1s presi\u00f3n, ya basta. Nuestras familias ya no pueden esperar ni un d\u00edas m\u00e1s\u00bb, destac\u00f3 a Efe Oliver Merino, estudiante y beneficiado con el programa DACA.<\/p>\n<p>En los \u00faltimos seis a\u00f1os, la Administraci\u00f3n de Obama ha deportado a m\u00e1s de 2 millones de personas y con el estancamiento de la reforma migratoria en la c\u00e1mara baja del Congreso, los grupos proinmigrantes consideran que la \u00fanica soluci\u00f3n es que sea quien Obama resuelva la crisis migratoria del pa\u00eds.<\/p>\n","protected":false},"excerpt":{"rendered":"<p>EFE. Charlotte (EE.UU.).- L\u00edderes dem\u00f3cratas de Carolina del Norte urgieron ayer al presidente de EE.UU., Barack Obama, utilizar su poder ejecutivo para detener las deportaciones y extender los beneficios de la Acci\u00f3n Diferida al resto de grupos de indocumentados que residen en el pa\u00eds. M\u00e1s de 500 delegados reunidos el s\u00e1bado en la capital del [&hellip;]<\/p>\n","protected":false},"author":1,"featured_media":0,"comment_status":"open","ping_status":"open","sticky":false,"template":"","format":"standard","meta":{"footnotes":""},"categories":[1],"tags":[],"class_list":["post-1316","post","type-post","status-publish","format-standard","hentry","category-entretenimiento"],"_links":{"self":[{"href":"https:\/\/2horizontes.com\/index.php?rest_route=\/wp\/v2\/posts\/1316","targetHints":{"allow":["GET"]}}],"collection":[{"href":"https:\/\/2horizontes.com\/index.php?rest_route=\/wp\/v2\/posts"}],"about":[{"href":"https:\/\/2horizontes.com\/index.php?rest_route=\/wp\/v2\/types\/post"}],"author":[{"embeddable":true,"href":"https:\/\/2horizontes.com\/index.php?rest_route=\/wp\/v2\/users\/1"}],"replies":[{"embeddable":true,"href":"https:\/\/2horizontes.com\/index.php?rest_route=%2Fwp%2Fv2%2Fcomments&post=1316"}],"version-history":[{"count":2,"href":"https:\/\/2horizontes.com\/index.php?rest_route=\/wp\/v2\/posts\/1316\/revisions"}],"predecessor-version":[{"id":1320,"href":"https:\/\/2horizontes.com\/index.php?rest_route=\/wp\/v2\/posts\/1316\/revisions\/1320"}],"wp:attachment":[{"href":"https:\/\/2horizontes.com\/index.php?rest_route=%2Fwp%2Fv2%2Fmedia&parent=1316"}],"wp:term":[{"taxonomy":"category","embeddable":true,"href":"https:\/\/2horizontes.com\/index.php?rest_route=%2Fwp%2Fv2%2Fcategories&post=1316"},{"taxonomy":"post_tag","embeddable":true,"href":"https:\/\/2horizontes.com\/index.php?rest_route=%2Fwp%2Fv2%2Ftags&post=1316"}],"curies":[{"name":"wp","href":"https:\/\/api.w.org\/{rel}","templated":true}]}}