{"id":13144,"date":"2015-06-22T07:11:02","date_gmt":"2015-06-22T06:11:02","guid":{"rendered":"http:\/\/2horizontes.com\/?p=13144"},"modified":"2015-06-22T07:19:10","modified_gmt":"2015-06-22T06:19:10","slug":"acnur-vigila-a-colombia-y-republica-dominicana","status":"publish","type":"post","link":"https:\/\/2horizontes.com\/?p=13144","title":{"rendered":"Acnur vigila a Colombia y Rep\u00fablica Dominicana"},"content":{"rendered":"<div id=\"ArticleAuthorDiv\" class=\"article-body-author\"><b>EFE<\/b><\/div>\n<div id=\"ArticleSourceDiv\" class=\"article-body-author\"><b>Bogot\u00e1<\/b><\/div>\n<div id=\"ArticleBody\">\n<p>Las 360.300 personas desplazadas forzosamente en Colombia en 2014 y las m\u00e1s de 200.000 que podr\u00edan ser expulsadas de Rep\u00fablica Dominicana hacia Hait\u00ed, sin contar con esa nacionalidad, son unos de los fen\u00f3menos que preocupan al Acnur en Latinoam\u00e9rica en el D\u00eda Internacional del refugiado.<\/p>\n<p>Esos casos fueron destacados por el ente, en el marco de la jornada mundial que se celebra ma\u00f1ana, en su informe anual sobre los desplazamientos forzados en el mundo, titulado \u201cMundo en guerra\u201d y entregado este jueves por el Alto Comisionado de Naciones Unidas para los Refugiados (Acnur), Ant\u00f3nio Guterres.<\/p>\n<p>En el documento, el organismo tambi\u00e9n resalt\u00f3 que el n\u00famero de personas que huyen de la violencia de bandas u otras formas de persecuci\u00f3n en Centroam\u00e9rica se increment\u00f3. Sin embargo, uno de los llamamientos principales se centr\u00f3 en la situaci\u00f3n de miles de personas sin nacionalidad en Rep\u00fablica Dominicana, que se unen a los millares de extranjeros, en su mayor\u00eda haitianos, que no est\u00e1n cubiertos por la nueva estrategia de regularizaci\u00f3n migratoria.<\/p>\n<p>En esa l\u00ednea, la agencia de Naciones unidas urgi\u00f3 hoy al Gobierno dominicano a no deportar a los ciudadanos no regularizados de la Rep\u00fablica Dominicana.<\/p>\n<p>\u201cInstamos al Gobierno de la Rep\u00fablica Dominicana a que se asegure de que las personas cuya nacionalidad fue cuestionada por la decisi\u00f3n de la Corte Constitucional de 2013 no sean deportadas\u201d, indic\u00f3 en rueda de prensa Adrian Edwards, portavoz de Acnur.<\/p>\n<p>En respuesta, el ministro de Interior y Polic\u00eda dominicano, Jos\u00e9 Ram\u00f3n Fadul, advirti\u00f3 a la entidad que no permitir\u00e1 injerencias en el tema migratorio, aunque resalt\u00f3 que no habr\u00e1 deportaciones \u201cmasivas\u201d y todas se apegar\u00e1n al derecho internacional.<\/p>\n<p>Tambi\u00e9n genera duda la situaci\u00f3n en Colombia, un pa\u00eds que alcanza m\u00e1s de 50 a\u00f1os de conflicto armado interno y cuyo Gobierno negocia la paz con las Fuerzas Armadas Revolucionarias de Colombia (FARC) desde hace m\u00e1s de dos a\u00f1os en La Habana (Cuba).<\/p>\n<\/div>\n","protected":false},"excerpt":{"rendered":"<p>EFE Bogot\u00e1 Las 360.300 personas desplazadas forzosamente en Colombia en 2014 y las m\u00e1s de 200.000 que podr\u00edan ser expulsadas de Rep\u00fablica Dominicana hacia Hait\u00ed, sin contar con esa nacionalidad, son unos de los fen\u00f3menos que preocupan al Acnur en Latinoam\u00e9rica en el D\u00eda Internacional del refugiado. Esos casos fueron destacados por el ente, en [&hellip;]<\/p>\n","protected":false},"author":7,"featured_media":13145,"comment_status":"open","ping_status":"open","sticky":false,"template":"","format":"standard","meta":{"footnotes":""},"categories":[50,54,47,40,44],"tags":[],"class_list":["post-13144","post","type-post","status-publish","format-standard","has-post-thumbnail","hentry","category-colombia","category-emigrantes","category-haiti","category-internacionales","category-republica-dominicana"],"_links":{"self":[{"href":"https:\/\/2horizontes.com\/index.php?rest_route=\/wp\/v2\/posts\/13144","targetHints":{"allow":["GET"]}}],"collection":[{"href":"https:\/\/2horizontes.com\/index.php?rest_route=\/wp\/v2\/posts"}],"about":[{"href":"https:\/\/2horizontes.com\/index.php?rest_route=\/wp\/v2\/types\/post"}],"author":[{"embeddable":true,"href":"https:\/\/2horizontes.com\/index.php?rest_route=\/wp\/v2\/users\/7"}],"replies":[{"embeddable":true,"href":"https:\/\/2horizontes.com\/index.php?rest_route=%2Fwp%2Fv2%2Fcomments&post=13144"}],"version-history":[{"count":1,"href":"https:\/\/2horizontes.com\/index.php?rest_route=\/wp\/v2\/posts\/13144\/revisions"}],"predecessor-version":[{"id":13146,"href":"https:\/\/2horizontes.com\/index.php?rest_route=\/wp\/v2\/posts\/13144\/revisions\/13146"}],"wp:featuredmedia":[{"embeddable":true,"href":"https:\/\/2horizontes.com\/index.php?rest_route=\/wp\/v2\/media\/13145"}],"wp:attachment":[{"href":"https:\/\/2horizontes.com\/index.php?rest_route=%2Fwp%2Fv2%2Fmedia&parent=13144"}],"wp:term":[{"taxonomy":"category","embeddable":true,"href":"https:\/\/2horizontes.com\/index.php?rest_route=%2Fwp%2Fv2%2Fcategories&post=13144"},{"taxonomy":"post_tag","embeddable":true,"href":"https:\/\/2horizontes.com\/index.php?rest_route=%2Fwp%2Fv2%2Ftags&post=13144"}],"curies":[{"name":"wp","href":"https:\/\/api.w.org\/{rel}","templated":true}]}}