{"id":13086,"date":"2015-06-20T19:40:59","date_gmt":"2015-06-20T18:40:59","guid":{"rendered":"http:\/\/2horizontes.com\/?p=13086"},"modified":"2015-06-20T19:42:05","modified_gmt":"2015-06-20T18:42:05","slug":"barbara-berlusconi-la-primera-dama-del-futbol-italiano-quiere-revolucionar-el-milan","status":"publish","type":"post","link":"https:\/\/2horizontes.com\/?p=13086","title":{"rendered":"Barbara Berlusconi la &#8216;primera dama&#8217; del f\u00fatbol italiano quiere revolucionar el Milan"},"content":{"rendered":"<p>Barbara Berlusconi, hija de Silvio Berlusconi, entr\u00f3 a formar parte del Consejo de Administraci\u00f3n del Milan en 2011 para posteriormente escalar puestos en el club de su padre hasta alcanzar el mando del equipo junto a Adriano Galliani.<\/p>\n<p>Es la primog\u00e9nita de Berlusconi y de su segunda mujer, Veronica Lario. Licenciada en Filosof\u00eda, es madre de dos hijos fruto de su relaci\u00f3n con Giorgio Valaguzza, aunque posteriormente estuvo ligada al que fuera jugador &#8216;rossonero&#8217; Alexandre Pato.<\/p>\n<p>Desde que llegase al club, a los 26 a\u00f1os, su vida ha estado rodeada de pol\u00e9mica. Especialmente duros han sido los enfrentamientos que ha tenido con otros miembros de la directiva y fuertes han sido las cr\u00edticas llegadas desde amplios sectores de la afici\u00f3n, que no perdona que el equipo, uno de los que mejor palmar\u00e9s tiene en toda Europa, no levante cabeza en las \u00faltimas temporadas.<\/p>\n<p>Barbara ha huido siempre de la imagen de directiva de f\u00fatbol. Enamorada del glamour y la noche de Mil\u00e1n, no ha ocultado nunca su vida privada, pese a las cr\u00edticas que tuvo que aguantar por su romance con el brasile\u00f1o Pato, del que se dijo que su relaci\u00f3n y ruptura con Barbara influy\u00f3 en su estancia y salida del club. Tampoco ha ocultado nunca su nulo inter\u00e9s por el f\u00fatbol, algo de lo que ella, confiesa, no tiene ni idea. Su indisciplina y rebeld\u00eda le han jugado varias malas pasadas estos a\u00f1os al frente del Milan. Sin embargo, la prensa coincide en que quiz\u00e1 sus planes de futuro para el club puedan relanzar la imagen de \u00e9ste.<\/p>\n","protected":false},"excerpt":{"rendered":"<p>Barbara Berlusconi, hija de Silvio Berlusconi, entr\u00f3 a formar parte del Consejo de Administraci\u00f3n del Milan en 2011 para posteriormente escalar puestos en el club de su padre hasta alcanzar el mando del equipo junto a Adriano Galliani. Es la primog\u00e9nita de Berlusconi y de su segunda mujer, Veronica Lario. Licenciada en Filosof\u00eda, es madre [&hellip;]<\/p>\n","protected":false},"author":3,"featured_media":13087,"comment_status":"open","ping_status":"open","sticky":false,"template":"","format":"standard","meta":{"footnotes":""},"categories":[42,1],"tags":[],"class_list":["post-13086","post","type-post","status-publish","format-standard","has-post-thumbnail","hentry","category-deportes","category-entretenimiento"],"_links":{"self":[{"href":"https:\/\/2horizontes.com\/index.php?rest_route=\/wp\/v2\/posts\/13086","targetHints":{"allow":["GET"]}}],"collection":[{"href":"https:\/\/2horizontes.com\/index.php?rest_route=\/wp\/v2\/posts"}],"about":[{"href":"https:\/\/2horizontes.com\/index.php?rest_route=\/wp\/v2\/types\/post"}],"author":[{"embeddable":true,"href":"https:\/\/2horizontes.com\/index.php?rest_route=\/wp\/v2\/users\/3"}],"replies":[{"embeddable":true,"href":"https:\/\/2horizontes.com\/index.php?rest_route=%2Fwp%2Fv2%2Fcomments&post=13086"}],"version-history":[{"count":2,"href":"https:\/\/2horizontes.com\/index.php?rest_route=\/wp\/v2\/posts\/13086\/revisions"}],"predecessor-version":[{"id":13089,"href":"https:\/\/2horizontes.com\/index.php?rest_route=\/wp\/v2\/posts\/13086\/revisions\/13089"}],"wp:featuredmedia":[{"embeddable":true,"href":"https:\/\/2horizontes.com\/index.php?rest_route=\/wp\/v2\/media\/13087"}],"wp:attachment":[{"href":"https:\/\/2horizontes.com\/index.php?rest_route=%2Fwp%2Fv2%2Fmedia&parent=13086"}],"wp:term":[{"taxonomy":"category","embeddable":true,"href":"https:\/\/2horizontes.com\/index.php?rest_route=%2Fwp%2Fv2%2Fcategories&post=13086"},{"taxonomy":"post_tag","embeddable":true,"href":"https:\/\/2horizontes.com\/index.php?rest_route=%2Fwp%2Fv2%2Ftags&post=13086"}],"curies":[{"name":"wp","href":"https:\/\/api.w.org\/{rel}","templated":true}]}}