{"id":13061,"date":"2015-06-20T18:51:10","date_gmt":"2015-06-20T17:51:10","guid":{"rendered":"http:\/\/2horizontes.com\/?p=13061"},"modified":"2015-06-20T18:51:10","modified_gmt":"2015-06-20T17:51:10","slug":"el-mercado-de-fuencarral-afronta-su-ultimo-mes-de-vida-sin-saber-quien-sera-su-nuevo-inquilino","status":"publish","type":"post","link":"https:\/\/2horizontes.com\/?p=13061","title":{"rendered":"El Mercado de Fuencarral afronta su \u00faltimo mes de vida sin saber qui\u00e9n ser\u00e1 su nuevo inquilino"},"content":{"rendered":"<p>El cierre del Mercado de Fuencarral parec\u00eda una de esas profec\u00edas nunca cumplidas. Desde 2008 se ven\u00eda avisando de una venta que nunca llegaba. Esta vez, sin embargo, la cosa parece ir en serio y ya est\u00e1 anunciada la fecha definitiva de clausura: el pr\u00f3ximo 25 de julio.<\/p>\n<p>El due\u00f1o del establecimiento, Ram\u00f3n Matoses, vendi\u00f3 el inmueble a un fondo que est\u00e1 tratando de colocarlo a distintos inquilinos o vendedores, pero a\u00fan no se ha confirmado cu\u00e1l.<\/p>\n<p>Entre los establecimientos del Mercado que a\u00fan contin\u00faan abiertos (33 de los 50 que hab\u00eda en sus mejores tiempos), creen que la operaci\u00f3n ya se ha llevado a cabo, y que ha tenido un montante total de 22 millones de euros. \u00abSe rumorea que podr\u00eda ser H&amp;M o Uniqlo, el Zara japon\u00e9s, que quiere instalarse en Madrid\u00bb, dice una de las dependientas, de las pocas que se no tiene problemas en hablar con la prensa.<\/p>\n<p>Sin embargo \u00aba d\u00eda de hoy\u00bb no hay ning\u00fan plan de H&amp;M que pase por hacerse con el Mercado de Fuencarral, seg\u00fan ha asegurado un portavoz de la empresa a 20minutos. La marca sueca ya posee dos enormes tiendas en Gran V\u00eda, por lo que no parece que tenga mucho sentido abrir otra en las cercan\u00edas.<\/p>\n<p>Por su parte, Uniqlo lleva meses planificando su desembarco a Espa\u00f1a. En Barcelona ya cuenta con un establecimiento, pero en Madrid todav\u00eda est\u00e1n buscando uno: \u00abSe hablaba mucho del Mercado de Fuencarral, pero los japonenses parecen m\u00e1s inclinados por un local en la Milla de Oro o en Gran V\u00eda\u00bb, aseguran fuentes inmobiliarias.<\/p>\n<p>\u00abMucha gente nos ha pintado como si estuvi\u00e9ramos languideciendo, pero yo me instal\u00e9 aqu\u00ed al principio de la crisis y no he parado de crecer. Hay mucha gente que est\u00e1 enfadada por el cierre porque llevan aqu\u00ed toda la vida, pero yo me lo tomo como un nuevo comienzo. No tiene que ser malo\u00bb, asegura la due\u00f1a de una tienda de ropa en el MdF. \u00abYo creo que Ram\u00f3n ha hecho muy bien. \u00c9l est\u00e1 metido en otros proyectos. Sac\u00f3 adelante este sitio hace a\u00f1os y ahora querr\u00e1 probar cosas nuevas\u00bb, apostilla.<\/p>\n","protected":false},"excerpt":{"rendered":"<p>El cierre del Mercado de Fuencarral parec\u00eda una de esas profec\u00edas nunca cumplidas. Desde 2008 se ven\u00eda avisando de una venta que nunca llegaba. Esta vez, sin embargo, la cosa parece ir en serio y ya est\u00e1 anunciada la fecha definitiva de clausura: el pr\u00f3ximo 25 de julio. El due\u00f1o del establecimiento, Ram\u00f3n Matoses, vendi\u00f3 [&hellip;]<\/p>\n","protected":false},"author":3,"featured_media":13062,"comment_status":"open","ping_status":"open","sticky":false,"template":"","format":"standard","meta":{"footnotes":""},"categories":[85],"tags":[],"class_list":["post-13061","post","type-post","status-publish","format-standard","has-post-thumbnail","hentry","category-espana"],"_links":{"self":[{"href":"https:\/\/2horizontes.com\/index.php?rest_route=\/wp\/v2\/posts\/13061","targetHints":{"allow":["GET"]}}],"collection":[{"href":"https:\/\/2horizontes.com\/index.php?rest_route=\/wp\/v2\/posts"}],"about":[{"href":"https:\/\/2horizontes.com\/index.php?rest_route=\/wp\/v2\/types\/post"}],"author":[{"embeddable":true,"href":"https:\/\/2horizontes.com\/index.php?rest_route=\/wp\/v2\/users\/3"}],"replies":[{"embeddable":true,"href":"https:\/\/2horizontes.com\/index.php?rest_route=%2Fwp%2Fv2%2Fcomments&post=13061"}],"version-history":[{"count":1,"href":"https:\/\/2horizontes.com\/index.php?rest_route=\/wp\/v2\/posts\/13061\/revisions"}],"predecessor-version":[{"id":13063,"href":"https:\/\/2horizontes.com\/index.php?rest_route=\/wp\/v2\/posts\/13061\/revisions\/13063"}],"wp:featuredmedia":[{"embeddable":true,"href":"https:\/\/2horizontes.com\/index.php?rest_route=\/wp\/v2\/media\/13062"}],"wp:attachment":[{"href":"https:\/\/2horizontes.com\/index.php?rest_route=%2Fwp%2Fv2%2Fmedia&parent=13061"}],"wp:term":[{"taxonomy":"category","embeddable":true,"href":"https:\/\/2horizontes.com\/index.php?rest_route=%2Fwp%2Fv2%2Fcategories&post=13061"},{"taxonomy":"post_tag","embeddable":true,"href":"https:\/\/2horizontes.com\/index.php?rest_route=%2Fwp%2Fv2%2Ftags&post=13061"}],"curies":[{"name":"wp","href":"https:\/\/api.w.org\/{rel}","templated":true}]}}