{"id":13018,"date":"2015-06-20T12:51:40","date_gmt":"2015-06-20T11:51:40","guid":{"rendered":"http:\/\/2horizontes.com\/?p=13018"},"modified":"2015-06-20T12:54:17","modified_gmt":"2015-06-20T11:54:17","slug":"presidente-de-venezuela-repudia-las-palabras-del-bandido-trump-contra-inmigrantes-mexicanos","status":"publish","type":"post","link":"https:\/\/2horizontes.com\/?p=13018","title":{"rendered":"Presidente de Venezuela repudia las palabras del \u00abbandido\u00bb Trump contra inmigrantes mexicanos"},"content":{"rendered":"<div id=\"ArticleAuthorDiv\" class=\"article-body-author\"><b>EFE<\/b><\/div>\n<div id=\"ArticleSourceDiv\" class=\"article-body-author\"><b>Caracas<\/b><\/div>\n<div id=\"ArticleBody\">\n<p>El presidente de Venezuela, Nicol\u00e1s Maduro, repudi\u00f3 las palabras del magnate y pol\u00edtico estadounidense Donald Trump contra los inmigrantes mexicanos que llegan a EE.UU., al tiempo que calific\u00f3 al empresario de \u00abbandido\u00bb y \u00abladr\u00f3n\u00bb.<\/p>\n<p>\u00abRepudio total a las declaraciones de Donald Trump. Bandido, ladr\u00f3n, c\u00f3mo te vas a meter con nuestros hermanos de M\u00e9xico que bastante perseguidos y explotados son por ustedes\u00bb, afirm\u00f3 Maduro durante una conexi\u00f3n de la estatal VTV con su despacho en el palacio presidencial en Caracas.<\/p>\n<p>\u00abQu\u00e9 indignaci\u00f3n, quien se mete con M\u00e9xico se mete con Venezuela. Quien se mete con los mexicanos se mete con los venezolanos\u00bb, agreg\u00f3.<\/p>\n<p>Trump, quien el martes present\u00f3 su candidatura para ser elegido por el Partido Republicano para las elecciones presidenciales de EE.UU. de 2016, asegur\u00f3, durante el discurso en el que revel\u00f3 sus intenciones que de llegar a la Casa Blanca, que construir\u00e1 un \u00abgran, gran muro\u00bb en la frontera de M\u00e9xico y har\u00e1 que este pa\u00eds \u00ablo pague\u00bb.<\/p>\n<p>\u00abCuando M\u00e9xico nos env\u00eda a su gente no nos est\u00e1 enviando a los mejores. Est\u00e1n enviando gente que tiene muchos problemas y los est\u00e1n trayendo con ellos. Traen drogas, crimen, son violadores\u00bb, opin\u00f3 el magnate.<\/p>\n<p>Maduro, como presidente de la Venezuela \u00abde (Sim\u00f3n) Bol\u00edvar y de (Hugo) Ch\u00e1vez\u00bb, levant\u00f3 hoy la voz \u00aben defensa del pueblo de M\u00e9xico ofendido\u00bb por el magnate estadounidense, a quien tambi\u00e9n calific\u00f3 de \u00abpeluc\u00f3n\u00bb (arist\u00f3crata), t\u00e9rmino que utiliza a menudo para descalificar a sus opositores pol\u00edticos.<\/p>\n<p>\u00abAh\u00ed est\u00e1 el peluc\u00f3n de Donald Trump ofendiendo al pueblo mexicano, al pueblo de Emiliano Zapata, al pueblo de Pancho Villa, al pueblo digno de M\u00e9xico\u00bb, se\u00f1al\u00f3.<\/p>\n<p>\u00abLos pelucones, los oligarcas, los magnates al final son lo mismo compatriotas\u00bb, agreg\u00f3.<\/p>\n<p>Las declaraciones de Trump han levantado el rechazo de varios gobiernos latinoamericanos, encabezados por el agraviado, M\u00e9xico, cuyo canciller, Jos\u00e9 Antonio Meade, sostuvo ayer que las palabras del magnate reflejan \u00abprejuicios\u00bb sobre la situaci\u00f3n social del pa\u00eds, as\u00ed como una \u00abprofunda ignorancia\u00bb.<\/p>\n<p>\u00abUn pol\u00edtico que desconoce su realidad, que desconoce el contexto en el que est\u00e1 participando, no tiene buenos augurios\u00bb, asegur\u00f3 el canciller al respecto.<\/p>\n<\/div>\n","protected":false},"excerpt":{"rendered":"<p>EFE Caracas El presidente de Venezuela, Nicol\u00e1s Maduro, repudi\u00f3 las palabras del magnate y pol\u00edtico estadounidense Donald Trump contra los inmigrantes mexicanos que llegan a EE.UU., al tiempo que calific\u00f3 al empresario de \u00abbandido\u00bb y \u00abladr\u00f3n\u00bb. \u00abRepudio total a las declaraciones de Donald Trump. Bandido, ladr\u00f3n, c\u00f3mo te vas a meter con nuestros hermanos de [&hellip;]<\/p>\n","protected":false},"author":7,"featured_media":13027,"comment_status":"open","ping_status":"open","sticky":false,"template":"","format":"standard","meta":{"footnotes":""},"categories":[40,43,48],"tags":[],"class_list":["post-13018","post","type-post","status-publish","format-standard","has-post-thumbnail","hentry","category-internacionales","category-politica","category-venezuela"],"_links":{"self":[{"href":"https:\/\/2horizontes.com\/index.php?rest_route=\/wp\/v2\/posts\/13018","targetHints":{"allow":["GET"]}}],"collection":[{"href":"https:\/\/2horizontes.com\/index.php?rest_route=\/wp\/v2\/posts"}],"about":[{"href":"https:\/\/2horizontes.com\/index.php?rest_route=\/wp\/v2\/types\/post"}],"author":[{"embeddable":true,"href":"https:\/\/2horizontes.com\/index.php?rest_route=\/wp\/v2\/users\/7"}],"replies":[{"embeddable":true,"href":"https:\/\/2horizontes.com\/index.php?rest_route=%2Fwp%2Fv2%2Fcomments&post=13018"}],"version-history":[{"count":1,"href":"https:\/\/2horizontes.com\/index.php?rest_route=\/wp\/v2\/posts\/13018\/revisions"}],"predecessor-version":[{"id":13023,"href":"https:\/\/2horizontes.com\/index.php?rest_route=\/wp\/v2\/posts\/13018\/revisions\/13023"}],"wp:featuredmedia":[{"embeddable":true,"href":"https:\/\/2horizontes.com\/index.php?rest_route=\/wp\/v2\/media\/13027"}],"wp:attachment":[{"href":"https:\/\/2horizontes.com\/index.php?rest_route=%2Fwp%2Fv2%2Fmedia&parent=13018"}],"wp:term":[{"taxonomy":"category","embeddable":true,"href":"https:\/\/2horizontes.com\/index.php?rest_route=%2Fwp%2Fv2%2Fcategories&post=13018"},{"taxonomy":"post_tag","embeddable":true,"href":"https:\/\/2horizontes.com\/index.php?rest_route=%2Fwp%2Fv2%2Ftags&post=13018"}],"curies":[{"name":"wp","href":"https:\/\/api.w.org\/{rel}","templated":true}]}}