{"id":13015,"date":"2015-06-20T12:49:54","date_gmt":"2015-06-20T11:49:54","guid":{"rendered":"http:\/\/2horizontes.com\/?p=13015"},"modified":"2015-06-20T12:49:54","modified_gmt":"2015-06-20T11:49:54","slug":"peligro-en-el-barrio-agreden-a-mane-de-la-parra","status":"publish","type":"post","link":"https:\/\/2horizontes.com\/?p=13015","title":{"rendered":"PELIGRO EN EL BARRIO AGREDEN A MANE DE LA PARRA"},"content":{"rendered":"<p>Mane de la Parra siempre ha sido considerado uno de los actores m\u00e1s centrados y menos problem\u00e1ticos del espect\u00e1culo nacional; sin embargo, parece que no a todos les parece la actitud del tambi\u00e9n cantante. Y es que ahora que protagoniza la telenovela Amores De Barrio con Renata Notni fue agredido en pleno centro hist\u00f3rico de la Ciudad de M\u00e9xico.<\/p>\n<p>El int\u00e9rprete de \u00abTe Tuve Y Te Perd\u00ed\u00bb se encontraba grabando algunas escenas en la Plaza de Santo Domingo, cuando una mujer atac\u00f3 al artista, quien se port\u00f3 muy amable con sus seguidores, los cuales le pidieron fotos y aut\u00f3grafos. La agresora asegur\u00f3 que era una activista por las muertas de Ju\u00e1rez y los 43 estudiantes desaparecidos en Ayotzinapa.<\/p>\n","protected":false},"excerpt":{"rendered":"<p>Mane de la Parra siempre ha sido considerado uno de los actores m\u00e1s centrados y menos problem\u00e1ticos del espect\u00e1culo nacional; sin embargo, parece que no a todos les parece la actitud del tambi\u00e9n cantante. Y es que ahora que protagoniza la telenovela Amores De Barrio con Renata Notni fue agredido en pleno centro hist\u00f3rico de [&hellip;]<\/p>\n","protected":false},"author":3,"featured_media":13019,"comment_status":"open","ping_status":"open","sticky":false,"template":"","format":"standard","meta":{"footnotes":""},"categories":[1],"tags":[],"class_list":["post-13015","post","type-post","status-publish","format-standard","has-post-thumbnail","hentry","category-entretenimiento"],"_links":{"self":[{"href":"https:\/\/2horizontes.com\/index.php?rest_route=\/wp\/v2\/posts\/13015","targetHints":{"allow":["GET"]}}],"collection":[{"href":"https:\/\/2horizontes.com\/index.php?rest_route=\/wp\/v2\/posts"}],"about":[{"href":"https:\/\/2horizontes.com\/index.php?rest_route=\/wp\/v2\/types\/post"}],"author":[{"embeddable":true,"href":"https:\/\/2horizontes.com\/index.php?rest_route=\/wp\/v2\/users\/3"}],"replies":[{"embeddable":true,"href":"https:\/\/2horizontes.com\/index.php?rest_route=%2Fwp%2Fv2%2Fcomments&post=13015"}],"version-history":[{"count":1,"href":"https:\/\/2horizontes.com\/index.php?rest_route=\/wp\/v2\/posts\/13015\/revisions"}],"predecessor-version":[{"id":13020,"href":"https:\/\/2horizontes.com\/index.php?rest_route=\/wp\/v2\/posts\/13015\/revisions\/13020"}],"wp:featuredmedia":[{"embeddable":true,"href":"https:\/\/2horizontes.com\/index.php?rest_route=\/wp\/v2\/media\/13019"}],"wp:attachment":[{"href":"https:\/\/2horizontes.com\/index.php?rest_route=%2Fwp%2Fv2%2Fmedia&parent=13015"}],"wp:term":[{"taxonomy":"category","embeddable":true,"href":"https:\/\/2horizontes.com\/index.php?rest_route=%2Fwp%2Fv2%2Fcategories&post=13015"},{"taxonomy":"post_tag","embeddable":true,"href":"https:\/\/2horizontes.com\/index.php?rest_route=%2Fwp%2Fv2%2Ftags&post=13015"}],"curies":[{"name":"wp","href":"https:\/\/api.w.org\/{rel}","templated":true}]}}