{"id":12999,"date":"2015-06-20T12:25:12","date_gmt":"2015-06-20T11:25:12","guid":{"rendered":"http:\/\/2horizontes.com\/?p=12999"},"modified":"2015-06-20T12:25:12","modified_gmt":"2015-06-20T11:25:12","slug":"ee-uu-dice-terrorismo-brutal-y-mejor-dotado-se-recrudece","status":"publish","type":"post","link":"https:\/\/2horizontes.com\/?p=12999","title":{"rendered":"EE.UU. dice terrorismo brutal y mejor dotado se recrudece"},"content":{"rendered":"<div id=\"ArticleAuthorDiv\" class=\"article-body-author\"><b>EFE<\/b><\/div>\n<div id=\"ArticleSourceDiv\" class=\"article-body-author\"><b>Washington<\/b><\/div>\n<div id=\"ArticleBody\">\n<p>El n\u00famero de v\u00edctimas mortales de actos de terrorismo casi se duplic\u00f3 en 2014, impulsado por conflictos en Oriente Medio y \u00c1frica, donde el extremismo islamista se ha extendido en Estados d\u00e9biles y fallidos y recluta a niveles no vistos en d\u00e9cadas, indic\u00f3 hoy el Gobierno de Estados Unidos.<\/p>\n<p>Ese escenario es el que describe el informe anual del Departamento de Estado sobre terrorismo, divulgado hoy en Washington.<\/p>\n<p>El informe alerta del avance territorial \u201csin precedentes\u201d del Estado Isl\u00e1mico (EI), un movimiento extremista sun\u00ed, que ha medrado en los m\u00e1s de cuatro a\u00f1os de guerra siria y controla un territorio que va desde las afueras de Alepo (Siria) hasta las riberas del Tigris y \u00c9ufrates en Irak.<\/p>\n<p>El EI y grupos afiliados a esa ideolog\u00eda extremista, como la secta radical isl\u00e1mica nigeriana Boko Haram, est\u00e1n tomando el relevo como gran amenaza terrorista internacional a Al Qaeda, \u201ccuyo liderazgo central se ha visto debilitado\u201d, pese a servir de inspiraci\u00f3n para grupos en el Magreb, Yemen o Somalia, seg\u00fan EE.UU.<\/p>\n<p>\u201cPese a la fragmentaci\u00f3n de Al Qaeda y sus afiliados, los estados d\u00e9biles y fallidos han servido de entorno viable para el aumento de violencia radical y extremista, especialmente en Yemen, Siria, Libia, Nigeria e Irak\u201d, apunta el informe.<\/p>\n<p>Los yihadistas del EI se han hecho tambi\u00e9n fuertes en Libia, donde controlan la ciudad de Sirte, y han conseguido la vinculaci\u00f3n de grupos como Boko Haram, que ha llevado a cabo matanzas en masa y ha extendido su \u201cmodus operandis\u201d especialmente cruel a \u00c1frica Occidental.<\/p>\n<\/div>\n","protected":false},"excerpt":{"rendered":"<p>EFE Washington El n\u00famero de v\u00edctimas mortales de actos de terrorismo casi se duplic\u00f3 en 2014, impulsado por conflictos en Oriente Medio y \u00c1frica, donde el extremismo islamista se ha extendido en Estados d\u00e9biles y fallidos y recluta a niveles no vistos en d\u00e9cadas, indic\u00f3 hoy el Gobierno de Estados Unidos. Ese escenario es el [&hellip;]<\/p>\n","protected":false},"author":7,"featured_media":13000,"comment_status":"open","ping_status":"open","sticky":false,"template":"","format":"standard","meta":{"footnotes":""},"categories":[40],"tags":[],"class_list":["post-12999","post","type-post","status-publish","format-standard","has-post-thumbnail","hentry","category-internacionales"],"_links":{"self":[{"href":"https:\/\/2horizontes.com\/index.php?rest_route=\/wp\/v2\/posts\/12999","targetHints":{"allow":["GET"]}}],"collection":[{"href":"https:\/\/2horizontes.com\/index.php?rest_route=\/wp\/v2\/posts"}],"about":[{"href":"https:\/\/2horizontes.com\/index.php?rest_route=\/wp\/v2\/types\/post"}],"author":[{"embeddable":true,"href":"https:\/\/2horizontes.com\/index.php?rest_route=\/wp\/v2\/users\/7"}],"replies":[{"embeddable":true,"href":"https:\/\/2horizontes.com\/index.php?rest_route=%2Fwp%2Fv2%2Fcomments&post=12999"}],"version-history":[{"count":1,"href":"https:\/\/2horizontes.com\/index.php?rest_route=\/wp\/v2\/posts\/12999\/revisions"}],"predecessor-version":[{"id":13001,"href":"https:\/\/2horizontes.com\/index.php?rest_route=\/wp\/v2\/posts\/12999\/revisions\/13001"}],"wp:featuredmedia":[{"embeddable":true,"href":"https:\/\/2horizontes.com\/index.php?rest_route=\/wp\/v2\/media\/13000"}],"wp:attachment":[{"href":"https:\/\/2horizontes.com\/index.php?rest_route=%2Fwp%2Fv2%2Fmedia&parent=12999"}],"wp:term":[{"taxonomy":"category","embeddable":true,"href":"https:\/\/2horizontes.com\/index.php?rest_route=%2Fwp%2Fv2%2Fcategories&post=12999"},{"taxonomy":"post_tag","embeddable":true,"href":"https:\/\/2horizontes.com\/index.php?rest_route=%2Fwp%2Fv2%2Ftags&post=12999"}],"curies":[{"name":"wp","href":"https:\/\/api.w.org\/{rel}","templated":true}]}}