{"id":12978,"date":"2015-06-20T01:29:15","date_gmt":"2015-06-20T00:29:15","guid":{"rendered":"http:\/\/2horizontes.com\/?p=12978"},"modified":"2015-06-20T01:29:15","modified_gmt":"2015-06-20T00:29:15","slug":"ee-uu-satisfecho-con-centro-que-migracion-usara-para-alojar-indocumentados","status":"publish","type":"post","link":"https:\/\/2horizontes.com\/?p=12978","title":{"rendered":"EE.UU satisfecho con centro que Migraci\u00f3n usar\u00e1 para alojar indocumentados"},"content":{"rendered":"<p>RD-SANTO DOMINGO.- El embajador de Estados Unidos, James Brewster, realiz\u00f3 este viernes un recorrido por el Centro de Acogida de Extranjeros Indocumentados que opera la Direcci\u00f3n General de Migraci\u00f3n en el municipio de Haina.<\/p>\n<p>Tras ser recibido por el director de Migraci\u00f3n, \u00a0Rub\u00e9n Dar\u00edo Paulino Sem, el diplom\u00e1tico estadounidense dijo sentirse muy feliz con ver todo lo que est\u00e1 ocurriendo en el remozado centro.<\/p>\n<p>\u201cTodo est\u00e1 en muy buen orden; espero que cuando la gente llegue aqu\u00ed va a ser tratada bien; no tengo ninguna duda de que eso va a ser as\u00ed\u201d, dijo el embajador Brewster.<u><\/u><u><\/u><\/p>\n<p>Destac\u00f3 la actividad del director general de Migraci\u00f3n y todo su equipo, creando protocolos y construcciones en lugares similares a este centro de acogida para darle un espacio adecuado a las personas que esperan ser repatriadas.<u><\/u><u><\/u><\/p>\n<p>\u201cYo pienso que el general y su equipo est\u00e1n haciendo un buen trabajo\u201d termino diciendo Brewster, quien prometi\u00f3 volver al lugar.<\/p>\n<p>Durante el recorrido por el establecimiento del representante estadounidense, el mayor general Paulino Sem ofreci\u00f3 detalles de los trabajos que se ejecutan en inter\u00e9s de dar un tratamiento humano y con dignidad a los indocumentados.<\/p>\n","protected":false},"excerpt":{"rendered":"<p>RD-SANTO DOMINGO.- El embajador de Estados Unidos, James Brewster, realiz\u00f3 este viernes un recorrido por el Centro de Acogida de Extranjeros Indocumentados que opera la Direcci\u00f3n General de Migraci\u00f3n en el municipio de Haina. Tras ser recibido por el director de Migraci\u00f3n, \u00a0Rub\u00e9n Dar\u00edo Paulino Sem, el diplom\u00e1tico estadounidense dijo sentirse muy feliz con ver [&hellip;]<\/p>\n","protected":false},"author":8,"featured_media":12979,"comment_status":"open","ping_status":"open","sticky":false,"template":"","format":"standard","meta":{"footnotes":""},"categories":[44],"tags":[],"class_list":["post-12978","post","type-post","status-publish","format-standard","has-post-thumbnail","hentry","category-republica-dominicana"],"_links":{"self":[{"href":"https:\/\/2horizontes.com\/index.php?rest_route=\/wp\/v2\/posts\/12978","targetHints":{"allow":["GET"]}}],"collection":[{"href":"https:\/\/2horizontes.com\/index.php?rest_route=\/wp\/v2\/posts"}],"about":[{"href":"https:\/\/2horizontes.com\/index.php?rest_route=\/wp\/v2\/types\/post"}],"author":[{"embeddable":true,"href":"https:\/\/2horizontes.com\/index.php?rest_route=\/wp\/v2\/users\/8"}],"replies":[{"embeddable":true,"href":"https:\/\/2horizontes.com\/index.php?rest_route=%2Fwp%2Fv2%2Fcomments&post=12978"}],"version-history":[{"count":1,"href":"https:\/\/2horizontes.com\/index.php?rest_route=\/wp\/v2\/posts\/12978\/revisions"}],"predecessor-version":[{"id":12980,"href":"https:\/\/2horizontes.com\/index.php?rest_route=\/wp\/v2\/posts\/12978\/revisions\/12980"}],"wp:featuredmedia":[{"embeddable":true,"href":"https:\/\/2horizontes.com\/index.php?rest_route=\/wp\/v2\/media\/12979"}],"wp:attachment":[{"href":"https:\/\/2horizontes.com\/index.php?rest_route=%2Fwp%2Fv2%2Fmedia&parent=12978"}],"wp:term":[{"taxonomy":"category","embeddable":true,"href":"https:\/\/2horizontes.com\/index.php?rest_route=%2Fwp%2Fv2%2Fcategories&post=12978"},{"taxonomy":"post_tag","embeddable":true,"href":"https:\/\/2horizontes.com\/index.php?rest_route=%2Fwp%2Fv2%2Ftags&post=12978"}],"curies":[{"name":"wp","href":"https:\/\/api.w.org\/{rel}","templated":true}]}}