{"id":12975,"date":"2015-06-20T01:25:22","date_gmt":"2015-06-20T00:25:22","guid":{"rendered":"http:\/\/2horizontes.com\/?p=12975"},"modified":"2015-06-20T01:25:22","modified_gmt":"2015-06-20T00:25:22","slug":"presidente-danilo-medina-asegura-que-el-tema-de-regularizacion-esta-ya-cerrado","status":"publish","type":"post","link":"https:\/\/2horizontes.com\/?p=12975","title":{"rendered":"Presidente Danilo Medina asegura que el tema de regularizaci\u00f3n est\u00e1 ya \u201ccerrado\u201d"},"content":{"rendered":"<p class=\"DETALLE_N_titulo \">RD-SANTO DOMINGO- \u00a0(EFE).- El presidente dominicano, Danilo Medina, dio hoy por cerrado el tema del Plan nacional de regularizaci\u00f3n para extranjeros, cuyo plazo de presentaci\u00f3n finaliz\u00f3 esta semana.<\/p>\n<div id=\"texto\" class=\"texto_txt\">\n<div class=\"DETALLE_N_texto \">\n<p><span id=\"ctl14_lblMostra\">En declaraciones realizadas con motivo de la inauguraci\u00f3n del hotel AlSol Tiara Collection en Cap Cana, de la cadena mexicana AlSol Hotels &amp; Resorts, Medina dijo que el asunto de la regularizaci\u00f3n ya lo trat\u00f3 en febrero \u201cy lo cerr\u00e9\u201d.<\/span><\/p>\n<p>\u201cYo habl\u00e9 en febrero del tema de regularizaci\u00f3n y lo cerr\u00e9\u201d, dijo.<\/p>\n<p>Por su parte y en el mismo acto el obispo de la di\u00f3cesis de La Altagracia, monse\u00f1or Nicanor Pe\u00f1a Rodr\u00edguez, pidi\u00f3 que se respeten los derechos humanos en el proceso de repatriaciones.<\/p>\n<p>Por su parte, el empresario Frank Rainieri, solicit\u00f3 que se respete la dignidad de las personas afectadas en los procesos. EFE<\/p>\n<p>FUENTE: ALMOMENTO.NET<\/p>\n<\/div>\n<\/div>\n","protected":false},"excerpt":{"rendered":"<p>RD-SANTO DOMINGO- \u00a0(EFE).- El presidente dominicano, Danilo Medina, dio hoy por cerrado el tema del Plan nacional de regularizaci\u00f3n para extranjeros, cuyo plazo de presentaci\u00f3n finaliz\u00f3 esta semana. En declaraciones realizadas con motivo de la inauguraci\u00f3n del hotel AlSol Tiara Collection en Cap Cana, de la cadena mexicana AlSol Hotels &amp; Resorts, Medina dijo que [&hellip;]<\/p>\n","protected":false},"author":8,"featured_media":12976,"comment_status":"open","ping_status":"open","sticky":false,"template":"","format":"standard","meta":{"footnotes":""},"categories":[43,44],"tags":[],"class_list":["post-12975","post","type-post","status-publish","format-standard","has-post-thumbnail","hentry","category-politica","category-republica-dominicana"],"_links":{"self":[{"href":"https:\/\/2horizontes.com\/index.php?rest_route=\/wp\/v2\/posts\/12975","targetHints":{"allow":["GET"]}}],"collection":[{"href":"https:\/\/2horizontes.com\/index.php?rest_route=\/wp\/v2\/posts"}],"about":[{"href":"https:\/\/2horizontes.com\/index.php?rest_route=\/wp\/v2\/types\/post"}],"author":[{"embeddable":true,"href":"https:\/\/2horizontes.com\/index.php?rest_route=\/wp\/v2\/users\/8"}],"replies":[{"embeddable":true,"href":"https:\/\/2horizontes.com\/index.php?rest_route=%2Fwp%2Fv2%2Fcomments&post=12975"}],"version-history":[{"count":1,"href":"https:\/\/2horizontes.com\/index.php?rest_route=\/wp\/v2\/posts\/12975\/revisions"}],"predecessor-version":[{"id":12977,"href":"https:\/\/2horizontes.com\/index.php?rest_route=\/wp\/v2\/posts\/12975\/revisions\/12977"}],"wp:featuredmedia":[{"embeddable":true,"href":"https:\/\/2horizontes.com\/index.php?rest_route=\/wp\/v2\/media\/12976"}],"wp:attachment":[{"href":"https:\/\/2horizontes.com\/index.php?rest_route=%2Fwp%2Fv2%2Fmedia&parent=12975"}],"wp:term":[{"taxonomy":"category","embeddable":true,"href":"https:\/\/2horizontes.com\/index.php?rest_route=%2Fwp%2Fv2%2Fcategories&post=12975"},{"taxonomy":"post_tag","embeddable":true,"href":"https:\/\/2horizontes.com\/index.php?rest_route=%2Fwp%2Fv2%2Ftags&post=12975"}],"curies":[{"name":"wp","href":"https:\/\/api.w.org\/{rel}","templated":true}]}}