{"id":12972,"date":"2015-06-20T01:19:58","date_gmt":"2015-06-20T00:19:58","guid":{"rendered":"http:\/\/2horizontes.com\/?p=12972"},"modified":"2015-06-20T01:19:58","modified_gmt":"2015-06-20T00:19:58","slug":"ministro-interior-advierte-que-rd-no-cogera-presion-de-ningun-organismo","status":"publish","type":"post","link":"https:\/\/2horizontes.com\/?p=12972","title":{"rendered":"Ministro Interior advierte que RD \u201cno coger\u00e1 presi\u00f3n\u201d de ning\u00fan organismo"},"content":{"rendered":"<p>RD-SANTO DOMINGO.- El gobierno de la Rep\u00fablica Dominicana \u201cno coger\u00e1 presi\u00f3n\u201d ni permitir\u00e1 injerencia de organismos internacionales por las repatriaciones de haitianos indocumentados, advirti\u00f3 este viernes Jos\u00e9 Ram\u00f3n Fadul, ministro de Interior y Polic\u00eda.<\/p>\n<p>\u201cLa Rep\u00fablica Dominicana es una naci\u00f3n soberana, luchadora. Ya es tiempo de que esos organismos y otros pa\u00edses entiendan eso. No permitiremos injerencia\u201d, afirm\u00f3.<\/p>\n<p>Explic\u00f3 que el Plan de Regularizaci\u00f3n de Extranjero fue exitoso, porque \u201cel pa\u00eds tiene una pol\u00edtica de migraci\u00f3n seria y con los debidos controles\u201d.<\/p>\n<p>Fadul habl\u00f3 a su salida del velatorio de la dirigente del Partido de la Liberaci\u00f3n Dominicana, Gladys Guti\u00e9rrez, quien falleci\u00f3 la noche de este jueves en el Centro de Diagn\u00f3stico y Tele medicina Avanzada (CEDIMAT), donde estaba internada desde la pasada semana, a causa de complicaciones que le devinieron de un accidente cerebrovascular.<\/p>\n","protected":false},"excerpt":{"rendered":"<p>RD-SANTO DOMINGO.- El gobierno de la Rep\u00fablica Dominicana \u201cno coger\u00e1 presi\u00f3n\u201d ni permitir\u00e1 injerencia de organismos internacionales por las repatriaciones de haitianos indocumentados, advirti\u00f3 este viernes Jos\u00e9 Ram\u00f3n Fadul, ministro de Interior y Polic\u00eda. \u201cLa Rep\u00fablica Dominicana es una naci\u00f3n soberana, luchadora. Ya es tiempo de que esos organismos y otros pa\u00edses entiendan eso. No [&hellip;]<\/p>\n","protected":false},"author":8,"featured_media":12973,"comment_status":"open","ping_status":"open","sticky":false,"template":"","format":"standard","meta":{"footnotes":""},"categories":[44],"tags":[],"class_list":["post-12972","post","type-post","status-publish","format-standard","has-post-thumbnail","hentry","category-republica-dominicana"],"_links":{"self":[{"href":"https:\/\/2horizontes.com\/index.php?rest_route=\/wp\/v2\/posts\/12972","targetHints":{"allow":["GET"]}}],"collection":[{"href":"https:\/\/2horizontes.com\/index.php?rest_route=\/wp\/v2\/posts"}],"about":[{"href":"https:\/\/2horizontes.com\/index.php?rest_route=\/wp\/v2\/types\/post"}],"author":[{"embeddable":true,"href":"https:\/\/2horizontes.com\/index.php?rest_route=\/wp\/v2\/users\/8"}],"replies":[{"embeddable":true,"href":"https:\/\/2horizontes.com\/index.php?rest_route=%2Fwp%2Fv2%2Fcomments&post=12972"}],"version-history":[{"count":1,"href":"https:\/\/2horizontes.com\/index.php?rest_route=\/wp\/v2\/posts\/12972\/revisions"}],"predecessor-version":[{"id":12974,"href":"https:\/\/2horizontes.com\/index.php?rest_route=\/wp\/v2\/posts\/12972\/revisions\/12974"}],"wp:featuredmedia":[{"embeddable":true,"href":"https:\/\/2horizontes.com\/index.php?rest_route=\/wp\/v2\/media\/12973"}],"wp:attachment":[{"href":"https:\/\/2horizontes.com\/index.php?rest_route=%2Fwp%2Fv2%2Fmedia&parent=12972"}],"wp:term":[{"taxonomy":"category","embeddable":true,"href":"https:\/\/2horizontes.com\/index.php?rest_route=%2Fwp%2Fv2%2Fcategories&post=12972"},{"taxonomy":"post_tag","embeddable":true,"href":"https:\/\/2horizontes.com\/index.php?rest_route=%2Fwp%2Fv2%2Ftags&post=12972"}],"curies":[{"name":"wp","href":"https:\/\/api.w.org\/{rel}","templated":true}]}}