{"id":12966,"date":"2015-06-20T01:14:24","date_gmt":"2015-06-20T00:14:24","guid":{"rendered":"http:\/\/2horizontes.com\/?p=12966"},"modified":"2015-06-20T01:14:24","modified_gmt":"2015-06-20T00:14:24","slug":"dncd-decomisa-328-paquetes-de-drogas-en-barahona-arresta-diez-personas","status":"publish","type":"post","link":"https:\/\/2horizontes.com\/?p=12966","title":{"rendered":"DNCD decomisa 328 paquetes de drogas en Barahona; arresta diez personas"},"content":{"rendered":"<p>RD-BARAHONA-\u00a0\u00a0Un total d<strong>e <\/strong>\u00a0328 paquetes presumiblemente de coca\u00edna o hero\u00edna procedentes de Sudam\u00e9rica\u00a0\u00a0fueron ocupados por la a Direcci\u00f3n Nacional de Control de Drogas y el \u00a0Ministerio Publico,\u00a0en Barahona, entre las localidades de Enriquillo y Los Cocos,<\/p>\n<p>En relaci\u00f3n con este caso fueron detenidas diez personas, entre ellas un hombre sindicado como \u201cel control m\u00e1ximo de las drogas en la regi\u00f3n sur del pa\u00eds\u201d y un ciudadano \u00a0venezolano, a quienes les fueron ocupadas dos escopetas, tres\u00a0\u00a0pistolas, un rev\u00f3lver, \u00a0varios celulares y dos camionetas en las que que transportaban la droga.<\/p>\n<p>La DNCD dijo que estos \u00faltimos \u201cse encuentran\u00a0\u00a0bajo investigaci\u00f3n y ser\u00e1n identificados a su debido tiempo por el Ministerio P\u00fablico\u201d.<\/p>\n<p>\u201cLa inteligencia de la DNCD ten\u00eda la informaci\u00f3n de que en alta mar, \u00a0se producir\u00eda el trasbordo de un cargamento de droga procedente de Am\u00e9rica del Sur, cuyo destino final ser\u00eda Estados Unidos o Europa.\u00a0 De ah\u00ed que durante varios d\u00edas mont\u00f3 un operativo permanente por aire, mar y tierra\u201d, dice una nota remitida a ALMOMENTO.NET.<\/p>\n<p>Dice que los \u00a0228 paquetes estaban dentro de nueve sacos en una camioneta Ford 150, color negro, en la que estaban siete de los detenidos.<\/p>\n<p>Los tres hombres restantes, entre estos el\u00a0\u00a0venezolano, fueron arrestados con cien paquetes que llevaban en un compartimiento secreto de otra camioneta Ford, blanca, placa G259087,\u00a0\u00a0a quienes tambi\u00e9n se les ocuparon armas de fuego.<\/p>\n","protected":false},"excerpt":{"rendered":"<p>RD-BARAHONA-\u00a0\u00a0Un total de \u00a0328 paquetes presumiblemente de coca\u00edna o hero\u00edna procedentes de Sudam\u00e9rica\u00a0\u00a0fueron ocupados por la a Direcci\u00f3n Nacional de Control de Drogas y el \u00a0Ministerio Publico,\u00a0en Barahona, entre las localidades de Enriquillo y Los Cocos, En relaci\u00f3n con este caso fueron detenidas diez personas, entre ellas un hombre sindicado como \u201cel control m\u00e1ximo de [&hellip;]<\/p>\n","protected":false},"author":8,"featured_media":12967,"comment_status":"open","ping_status":"open","sticky":false,"template":"","format":"standard","meta":{"footnotes":""},"categories":[53],"tags":[],"class_list":["post-12966","post","type-post","status-publish","format-standard","has-post-thumbnail","hentry","category-provincias"],"_links":{"self":[{"href":"https:\/\/2horizontes.com\/index.php?rest_route=\/wp\/v2\/posts\/12966","targetHints":{"allow":["GET"]}}],"collection":[{"href":"https:\/\/2horizontes.com\/index.php?rest_route=\/wp\/v2\/posts"}],"about":[{"href":"https:\/\/2horizontes.com\/index.php?rest_route=\/wp\/v2\/types\/post"}],"author":[{"embeddable":true,"href":"https:\/\/2horizontes.com\/index.php?rest_route=\/wp\/v2\/users\/8"}],"replies":[{"embeddable":true,"href":"https:\/\/2horizontes.com\/index.php?rest_route=%2Fwp%2Fv2%2Fcomments&post=12966"}],"version-history":[{"count":1,"href":"https:\/\/2horizontes.com\/index.php?rest_route=\/wp\/v2\/posts\/12966\/revisions"}],"predecessor-version":[{"id":12968,"href":"https:\/\/2horizontes.com\/index.php?rest_route=\/wp\/v2\/posts\/12966\/revisions\/12968"}],"wp:featuredmedia":[{"embeddable":true,"href":"https:\/\/2horizontes.com\/index.php?rest_route=\/wp\/v2\/media\/12967"}],"wp:attachment":[{"href":"https:\/\/2horizontes.com\/index.php?rest_route=%2Fwp%2Fv2%2Fmedia&parent=12966"}],"wp:term":[{"taxonomy":"category","embeddable":true,"href":"https:\/\/2horizontes.com\/index.php?rest_route=%2Fwp%2Fv2%2Fcategories&post=12966"},{"taxonomy":"post_tag","embeddable":true,"href":"https:\/\/2horizontes.com\/index.php?rest_route=%2Fwp%2Fv2%2Ftags&post=12966"}],"curies":[{"name":"wp","href":"https:\/\/api.w.org\/{rel}","templated":true}]}}